{"id":356,"date":"2019-06-19T15:28:02","date_gmt":"2019-06-19T18:28:02","guid":{"rendered":"https:\/\/scarlettseixas.com.br\/blog\/?p=356"},"modified":"2022-03-11T15:49:45","modified_gmt":"2022-03-11T18:49:45","slug":"fenac-festival-3a-edicao","status":"publish","type":"post","link":"https:\/\/scarlettseixas.com.br\/blog\/fenac-festival-3a-edicao\/","title":{"rendered":"FENAC FESTIVAL &#8211; 3\u00aa EDI\u00c7\u00c3O"},"content":{"rendered":"<p>Um festival em pleno inverno, perfeito para reunir os amigos! O FENAC FESTIVAL BEER &amp; FOOD est\u00e1 na sua terceira edi\u00e7\u00e3o e ter\u00e1 muita <a href=\"https:\/\/scarlettseixas.com.br\/blog\/celebrando-o-sabor-e-a-historia-da-india-pale-ale-no-dia-internacional-da-ipa\/\">cerveja<\/a> artesanal, gastronomia e <a href=\"https:\/\/scarlettseixas.com.br\/blog\/selina-e-corona-se-unem-para-inspirar-viajantes-a-se-reconectarem-com-a-natureza\/\">m\u00fasica<\/a> boa. Para fazer <a href=\"https:\/\/scarlettseixas.com.br\/blog\/beats-senses-473ml-a-nova-sensacao-nas-festas-do-rio-de-janeiro-e-minas-gerais\/\">festa<\/a> n\u00e3o h\u00e1 esta\u00e7\u00e3o do ano n\u00e9 gente! A Fenac (Novo Hamburgo\/RS) \u00e9 um ambiente fechado, seguro e perfeito para aquecer o seu inverno. Com f\u00e1cil acessibilidade via transporte publico, pois fica ao lado da rodovi\u00e1ria municipal e na frente da esta\u00e7\u00e3o de trem. O evento vai acontecer nos dias 06 de julho das 14h \u00e1s 01h e 07 de julho das 14h \u00e1s 22h\u00a0\u2013 Os ingressos j\u00e1 est\u00e3o a venda <a href=\"https:\/\/www.sympla.com.br\/fenac-festival---3-edicao__543199\" target=\"_blank\" rel=\"noopener\">aqui<\/a>! Antecipado, o ingresso custa 15; na hora, 20; e quem comprar ingresso no primeiro lote leva de brinde um caneco do evento.<\/p>\n<p>&nbsp;<\/p>\n<p><img loading=\"lazy\" decoding=\"async\" class=\"size-medium wp-image-359 aligncenter\" src=\"https:\/\/scarlettseixas.com.br\/blog\/wp-content\/uploads\/2019\/06\/FenacFestival-fb-7-1-300x251.png\" alt=\"\" width=\"300\" height=\"251\" \/><\/p>\n<p><img loading=\"lazy\" decoding=\"async\" class=\"size-medium wp-image-358 aligncenter\" src=\"https:\/\/scarlettseixas.com.br\/blog\/wp-content\/uploads\/2019\/06\/FenacFestival-fb-7-2-300x251.png\" alt=\"\" width=\"300\" height=\"251\" \/><\/p>\n<p>&nbsp;<\/p>\n<p><strong>ATRA\u00c7\u00d5ES CONFIRMADAS:<\/strong><\/p>\n<p>06\/07 (S\u00c1BADO) \u2013 das 14h \u00e0 1h<\/p>\n<p>17H Banda Planeta Sul<br \/>\n19H Banda Declassic<br \/>\n22H Banda Tenente Cascavel<\/p>\n<p>Intervalos cl\u00e1ssicos do pop e rock com Kalunga DJ<\/p>\n<p>07\/07 (DOMINGO) \u2013 das 14h \u00e0s 22h<\/p>\n<p>16H Banda Deivid Wallauer<br \/>\n18H Banda Folha Seca<br \/>\n20H AC\/DC Cover RS<\/p>\n<p>&nbsp;<\/p>\n<p><em>Realiza\u00e7\u00e3o:\u00a0 Fenac Centro de Eventos e Neg\u00f3cios com apoio da Prefeitura Municipal de Novo Hamburgo.<\/em><\/p>\n","protected":false},"excerpt":{"rendered":"<p>Um festival em pleno inverno, perfeito para reunir os amigos! O FENAC FESTIVAL BEER &amp;&#8230;<\/p>\n","protected":false},"author":1,"featured_media":504,"comment_status":"open","ping_status":"open","sticky":false,"template":"","format":"standard","meta":{"footnotes":""},"categories":[1],"tags":[],"class_list":["post-356","post","type-post","status-publish","format-standard","has-post-thumbnail","hentry","category-geral"],"yoast_head":"<!-- This site is optimized with the Yoast SEO plugin v21.9.1 - https:\/\/yoast.com\/wordpress\/plugins\/seo\/ -->\n<title>FENAC FESTIVAL - 3\u00aa EDI\u00c7\u00c3O - Scarlett Seixas - Jornada de descobertas: Not\u00edcias e Lifestyle<\/title>\n<meta name=\"robots\" content=\"index, follow, max-snippet:-1, max-image-preview:large, max-video-preview:-1\" \/>\n<link rel=\"canonical\" href=\"https:\/\/scarlettseixas.com.br\/blog\/fenac-festival-3a-edicao\/\" \/>\n<meta property=\"og:locale\" content=\"pt_BR\" \/>\n<meta property=\"og:type\" content=\"article\" \/>\n<meta property=\"og:title\" content=\"FENAC FESTIVAL - 3\u00aa EDI\u00c7\u00c3O - Scarlett Seixas - Jornada de descobertas: Not\u00edcias e Lifestyle\" \/>\n<meta property=\"og:description\" content=\"Um festival em pleno inverno, perfeito para reunir os amigos! O FENAC FESTIVAL BEER &amp;...\" \/>\n<meta property=\"og:url\" content=\"https:\/\/scarlettseixas.com.br\/blog\/fenac-festival-3a-edicao\/\" \/>\n<meta property=\"og:site_name\" content=\"Scarlett Seixas - Jornada de descobertas: Not\u00edcias e Lifestyle\" \/>\n<meta property=\"article:published_time\" content=\"2019-06-19T18:28:02+00:00\" \/>\n<meta property=\"article:modified_time\" content=\"2022-03-11T18:49:45+00:00\" \/>\n<meta property=\"og:image\" content=\"https:\/\/scarlettseixas.com.br\/blog\/wp-content\/uploads\/2019\/06\/FenacFestival-fb-7-1-1.png\" \/>\n\t<meta property=\"og:image:width\" content=\"800\" \/>\n\t<meta property=\"og:image:height\" content=\"670\" \/>\n\t<meta property=\"og:image:type\" content=\"image\/png\" \/>\n<meta name=\"author\" content=\"scarlettseixas\" \/>\n<meta name=\"twitter:card\" content=\"summary_large_image\" \/>\n<meta name=\"twitter:creator\" content=\"@scarlett_seixas\" \/>\n<meta name=\"twitter:label1\" content=\"Escrito por\" \/>\n\t<meta name=\"twitter:data1\" content=\"scarlettseixas\" \/>\n\t<meta name=\"twitter:label2\" content=\"Est. tempo de leitura\" \/>\n\t<meta name=\"twitter:data2\" content=\"1 minuto\" \/>\n<script type=\"application\/ld+json\" class=\"yoast-schema-graph\">{\"@context\":\"https:\/\/schema.org\",\"@graph\":[{\"@type\":\"WebPage\",\"@id\":\"https:\/\/scarlettseixas.com.br\/blog\/fenac-festival-3a-edicao\/\",\"url\":\"https:\/\/scarlettseixas.com.br\/blog\/fenac-festival-3a-edicao\/\",\"name\":\"FENAC FESTIVAL - 3\u00aa EDI\u00c7\u00c3O - Scarlett Seixas - Jornada de descobertas: Not\u00edcias e Lifestyle\",\"isPartOf\":{\"@id\":\"https:\/\/scarlettseixas.com.br\/blog\/#website\"},\"datePublished\":\"2019-06-19T18:28:02+00:00\",\"dateModified\":\"2022-03-11T18:49:45+00:00\",\"author\":{\"@id\":\"https:\/\/scarlettseixas.com.br\/blog\/#\/schema\/person\/5f8c43fdeab0eb806c3c55d091ee93f6\"},\"breadcrumb\":{\"@id\":\"https:\/\/scarlettseixas.com.br\/blog\/fenac-festival-3a-edicao\/#breadcrumb\"},\"inLanguage\":\"pt-BR\",\"potentialAction\":[{\"@type\":\"ReadAction\",\"target\":[\"https:\/\/scarlettseixas.com.br\/blog\/fenac-festival-3a-edicao\/\"]}]},{\"@type\":\"BreadcrumbList\",\"@id\":\"https:\/\/scarlettseixas.com.br\/blog\/fenac-festival-3a-edicao\/#breadcrumb\",\"itemListElement\":[{\"@type\":\"ListItem\",\"position\":1,\"name\":\"In\u00edcio\",\"item\":\"https:\/\/scarlettseixas.com.br\/blog\/\"},{\"@type\":\"ListItem\",\"position\":2,\"name\":\"FENAC FESTIVAL &#8211; 3\u00aa EDI\u00c7\u00c3O\"}]},{\"@type\":\"WebSite\",\"@id\":\"https:\/\/scarlettseixas.com.br\/blog\/#website\",\"url\":\"https:\/\/scarlettseixas.com.br\/blog\/\",\"name\":\"Scarlett Seixas - Jornada de descobertas: Not\u00edcias e Lifestyle\",\"description\":\"Scarlett Seixas, um blog que o(a) convida a embarcar em uma empolgante jornada de descobertas e explorar um estilo de vida vibrante.\",\"potentialAction\":[{\"@type\":\"SearchAction\",\"target\":{\"@type\":\"EntryPoint\",\"urlTemplate\":\"https:\/\/scarlettseixas.com.br\/blog\/?s={search_term_string}\"},\"query-input\":\"required name=search_term_string\"}],\"inLanguage\":\"pt-BR\"},{\"@type\":\"Person\",\"@id\":\"https:\/\/scarlettseixas.com.br\/blog\/#\/schema\/person\/5f8c43fdeab0eb806c3c55d091ee93f6\",\"name\":\"scarlettseixas\",\"image\":{\"@type\":\"ImageObject\",\"inLanguage\":\"pt-BR\",\"@id\":\"https:\/\/scarlettseixas.com.br\/blog\/#\/schema\/person\/image\/\",\"url\":\"https:\/\/secure.gravatar.com\/avatar\/9d6579ba13eb21424d4b7818f3a9137f01a3e7a01487833b5e8be9ef900fdef2?s=96&d=mm&r=g\",\"contentUrl\":\"https:\/\/secure.gravatar.com\/avatar\/9d6579ba13eb21424d4b7818f3a9137f01a3e7a01487833b5e8be9ef900fdef2?s=96&d=mm&r=g\",\"caption\":\"scarlettseixas\"},\"description\":\"Scarlett Seixas \u00e9 uma criadora de conte\u00fados, ga\u00facha e atualmente mora em Porto Alegre\/RS. Gosta de moda, maquiagem, futebol, cerveja artesanal e tudo que possa harmonizar com o seu estilo de vida. No Instagram possui mais de 48 mil seguidores. Compartilha viagens, r\u00f3tulos de cerveja, maquiagens, looks, dicas de fa\u00e7a voc\u00ea mesmo e tudo sobre o meu dia-a-dia. O conte\u00fado \u00e9 amplo, por\u00e9m focado no est\u00edmulo de assuntos e a\u00e7\u00f5es. Mostra a vida de forma transparente e real com inten\u00e7\u00e3o de gerar autenticidade e conex\u00f5es verdadeiras com a comunidade.\",\"sameAs\":[\"http:\/\/scarlettseixas.com.br\/\",\"https:\/\/twitter.com\/scarlett_seixas\"],\"url\":\"https:\/\/scarlettseixas.com.br\/blog\/author\/scarlettseixas\/\"}]}<\/script>\n<!-- \/ Yoast SEO plugin. -->","yoast_head_json":{"title":"FENAC FESTIVAL - 3\u00aa EDI\u00c7\u00c3O - Scarlett Seixas - Jornada de descobertas: Not\u00edcias e Lifestyle","robots":{"index":"index","follow":"follow","max-snippet":"max-snippet:-1","max-image-preview":"max-image-preview:large","max-video-preview":"max-video-preview:-1"},"canonical":"https:\/\/scarlettseixas.com.br\/blog\/fenac-festival-3a-edicao\/","og_locale":"pt_BR","og_type":"article","og_title":"FENAC FESTIVAL - 3\u00aa EDI\u00c7\u00c3O - Scarlett Seixas - Jornada de descobertas: Not\u00edcias e Lifestyle","og_description":"Um festival em pleno inverno, perfeito para reunir os amigos! O FENAC FESTIVAL BEER &amp;...","og_url":"https:\/\/scarlettseixas.com.br\/blog\/fenac-festival-3a-edicao\/","og_site_name":"Scarlett Seixas - Jornada de descobertas: Not\u00edcias e Lifestyle","article_published_time":"2019-06-19T18:28:02+00:00","article_modified_time":"2022-03-11T18:49:45+00:00","og_image":[{"width":800,"height":670,"url":"https:\/\/scarlettseixas.com.br\/blog\/wp-content\/uploads\/2019\/06\/FenacFestival-fb-7-1-1.png","type":"image\/png"}],"author":"scarlettseixas","twitter_card":"summary_large_image","twitter_creator":"@scarlett_seixas","twitter_misc":{"Escrito por":"scarlettseixas","Est. tempo de leitura":"1 minuto"},"schema":{"@context":"https:\/\/schema.org","@graph":[{"@type":"WebPage","@id":"https:\/\/scarlettseixas.com.br\/blog\/fenac-festival-3a-edicao\/","url":"https:\/\/scarlettseixas.com.br\/blog\/fenac-festival-3a-edicao\/","name":"FENAC FESTIVAL - 3\u00aa EDI\u00c7\u00c3O - Scarlett Seixas - Jornada de descobertas: Not\u00edcias e Lifestyle","isPartOf":{"@id":"https:\/\/scarlettseixas.com.br\/blog\/#website"},"datePublished":"2019-06-19T18:28:02+00:00","dateModified":"2022-03-11T18:49:45+00:00","author":{"@id":"https:\/\/scarlettseixas.com.br\/blog\/#\/schema\/person\/5f8c43fdeab0eb806c3c55d091ee93f6"},"breadcrumb":{"@id":"https:\/\/scarlettseixas.com.br\/blog\/fenac-festival-3a-edicao\/#breadcrumb"},"inLanguage":"pt-BR","potentialAction":[{"@type":"ReadAction","target":["https:\/\/scarlettseixas.com.br\/blog\/fenac-festival-3a-edicao\/"]}]},{"@type":"BreadcrumbList","@id":"https:\/\/scarlettseixas.com.br\/blog\/fenac-festival-3a-edicao\/#breadcrumb","itemListElement":[{"@type":"ListItem","position":1,"name":"In\u00edcio","item":"https:\/\/scarlettseixas.com.br\/blog\/"},{"@type":"ListItem","position":2,"name":"FENAC FESTIVAL &#8211; 3\u00aa EDI\u00c7\u00c3O"}]},{"@type":"WebSite","@id":"https:\/\/scarlettseixas.com.br\/blog\/#website","url":"https:\/\/scarlettseixas.com.br\/blog\/","name":"Scarlett Seixas - Jornada de descobertas: Not\u00edcias e Lifestyle","description":"Scarlett Seixas, um blog que o(a) convida a embarcar em uma empolgante jornada de descobertas e explorar um estilo de vida vibrante.","potentialAction":[{"@type":"SearchAction","target":{"@type":"EntryPoint","urlTemplate":"https:\/\/scarlettseixas.com.br\/blog\/?s={search_term_string}"},"query-input":"required name=search_term_string"}],"inLanguage":"pt-BR"},{"@type":"Person","@id":"https:\/\/scarlettseixas.com.br\/blog\/#\/schema\/person\/5f8c43fdeab0eb806c3c55d091ee93f6","name":"scarlettseixas","image":{"@type":"ImageObject","inLanguage":"pt-BR","@id":"https:\/\/scarlettseixas.com.br\/blog\/#\/schema\/person\/image\/","url":"https:\/\/secure.gravatar.com\/avatar\/9d6579ba13eb21424d4b7818f3a9137f01a3e7a01487833b5e8be9ef900fdef2?s=96&d=mm&r=g","contentUrl":"https:\/\/secure.gravatar.com\/avatar\/9d6579ba13eb21424d4b7818f3a9137f01a3e7a01487833b5e8be9ef900fdef2?s=96&d=mm&r=g","caption":"scarlettseixas"},"description":"Scarlett Seixas \u00e9 uma criadora de conte\u00fados, ga\u00facha e atualmente mora em Porto Alegre\/RS. Gosta de moda, maquiagem, futebol, cerveja artesanal e tudo que possa harmonizar com o seu estilo de vida. No Instagram possui mais de 48 mil seguidores. Compartilha viagens, r\u00f3tulos de cerveja, maquiagens, looks, dicas de fa\u00e7a voc\u00ea mesmo e tudo sobre o meu dia-a-dia. O conte\u00fado \u00e9 amplo, por\u00e9m focado no est\u00edmulo de assuntos e a\u00e7\u00f5es. Mostra a vida de forma transparente e real com inten\u00e7\u00e3o de gerar autenticidade e conex\u00f5es verdadeiras com a comunidade.","sameAs":["http:\/\/scarlettseixas.com.br\/","https:\/\/twitter.com\/scarlett_seixas"],"url":"https:\/\/scarlettseixas.com.br\/blog\/author\/scarlettseixas\/"}]}},"featured_image_urls":{"full":["https:\/\/scarlettseixas.com.br\/blog\/wp-content\/uploads\/2019\/06\/FenacFestival-fb-7-1-1.png",800,670,false],"thumbnail":["https:\/\/scarlettseixas.com.br\/blog\/wp-content\/uploads\/2019\/06\/FenacFestival-fb-7-1-1-150x150.png",150,150,true],"medium":["https:\/\/scarlettseixas.com.br\/blog\/wp-content\/uploads\/2019\/06\/FenacFestival-fb-7-1-1-300x251.png",300,251,true],"medium_large":["https:\/\/scarlettseixas.com.br\/blog\/wp-content\/uploads\/2019\/06\/FenacFestival-fb-7-1-1.png",640,536,false],"large":["https:\/\/scarlettseixas.com.br\/blog\/wp-content\/uploads\/2019\/06\/FenacFestival-fb-7-1-1.png",640,536,false],"1536x1536":["https:\/\/scarlettseixas.com.br\/blog\/wp-content\/uploads\/2019\/06\/FenacFestival-fb-7-1-1.png",800,670,false],"2048x2048":["https:\/\/scarlettseixas.com.br\/blog\/wp-content\/uploads\/2019\/06\/FenacFestival-fb-7-1-1.png",800,670,false],"covernews-slider-full":["https:\/\/scarlettseixas.com.br\/blog\/wp-content\/uploads\/2019\/06\/FenacFestival-fb-7-1-1.png",800,670,false],"covernews-slider-center":["https:\/\/scarlettseixas.com.br\/blog\/wp-content\/uploads\/2019\/06\/FenacFestival-fb-7-1-1.png",597,500,false],"covernews-featured":["https:\/\/scarlettseixas.com.br\/blog\/wp-content\/uploads\/2019\/06\/FenacFestival-fb-7-1-1.png",800,670,false],"covernews-medium":["https:\/\/scarlettseixas.com.br\/blog\/wp-content\/uploads\/2019\/06\/FenacFestival-fb-7-1-1.png",406,340,false],"covernews-medium-square":["https:\/\/scarlettseixas.com.br\/blog\/wp-content\/uploads\/2019\/06\/FenacFestival-fb-7-1-1.png",299,250,false]},"author_info":{"display_name":"scarlettseixas","author_link":"https:\/\/scarlettseixas.com.br\/blog\/author\/scarlettseixas\/"},"category_info":"<a href=\"https:\/\/scarlettseixas.com.br\/blog\/category\/geral\/\" rel=\"category tag\">Geral<\/a>","tag_info":"Geral","comment_count":"0","_links":{"self":[{"href":"https:\/\/scarlettseixas.com.br\/blog\/wp-json\/wp\/v2\/posts\/356","targetHints":{"allow":["GET"]}}],"collection":[{"href":"https:\/\/scarlettseixas.com.br\/blog\/wp-json\/wp\/v2\/posts"}],"about":[{"href":"https:\/\/scarlettseixas.com.br\/blog\/wp-json\/wp\/v2\/types\/post"}],"author":[{"embeddable":true,"href":"https:\/\/scarlettseixas.com.br\/blog\/wp-json\/wp\/v2\/users\/1"}],"replies":[{"embeddable":true,"href":"https:\/\/scarlettseixas.com.br\/blog\/wp-json\/wp\/v2\/comments?post=356"}],"version-history":[{"count":3,"href":"https:\/\/scarlettseixas.com.br\/blog\/wp-json\/wp\/v2\/posts\/356\/revisions"}],"predecessor-version":[{"id":362,"href":"https:\/\/scarlettseixas.com.br\/blog\/wp-json\/wp\/v2\/posts\/356\/revisions\/362"}],"wp:featuredmedia":[{"embeddable":true,"href":"https:\/\/scarlettseixas.com.br\/blog\/wp-json\/wp\/v2\/media\/504"}],"wp:attachment":[{"href":"https:\/\/scarlettseixas.com.br\/blog\/wp-json\/wp\/v2\/media?parent=356"}],"wp:term":[{"taxonomy":"category","embeddable":true,"href":"https:\/\/scarlettseixas.com.br\/blog\/wp-json\/wp\/v2\/categories?post=356"},{"taxonomy":"post_tag","embeddable":true,"href":"https:\/\/scarlettseixas.com.br\/blog\/wp-json\/wp\/v2\/tags?post=356"}],"curies":[{"name":"wp","href":"https:\/\/api.w.org\/{rel}","templated":true}]}}