{"id":1353,"date":"2023-08-04T17:01:29","date_gmt":"2023-08-04T20:01:29","guid":{"rendered":"https:\/\/scarlettseixas.com.br\/blog\/?p=1353"},"modified":"2023-08-07T14:27:26","modified_gmt":"2023-08-07T17:27:26","slug":"celebracao-global-da-cerveja-dia-internacional-da-cerveja","status":"publish","type":"post","link":"https:\/\/scarlettseixas.com.br\/blog\/celebracao-global-da-cerveja-dia-internacional-da-cerveja\/","title":{"rendered":"Celebra\u00e7\u00e3o Global da Cerveja: Dia Internacional da Cerveja"},"content":{"rendered":"<p>A primeira sexta-feira de agosto \u00e9 um dia de alegria para os apreciadores e produtores de <a href=\"https:\/\/scarlettseixas.com.br\/blog\/celebrando-o-sabor-e-a-historia-da-india-pale-ale-no-dia-internacional-da-ipa\/\">cerveja<\/a> em mais de 80 pa\u00edses ao redor do mundo, incluindo o <a href=\"https:\/\/scarlettseixas.com.br\/blog\/selina-e-corona-se-unem-para-inspirar-viajantes-a-se-reconectarem-com-a-natureza\/\">Brasil<\/a>. Nesse dia, levantamos nossos copos para celebrar o Dia Internacional da Cerveja, uma ocasi\u00e3o que une pessoas de diferentes culturas em torno de uma <a href=\"https:\/\/scarlettseixas.com.br\/blog\/dia-nacional-do-futebol-no-brasil-uma-paixao-que-encanta-geracoes\/\">paix\u00e3o<\/a> em comum: a cerveja. Criada nos Estados Unidos em 2007, por um grupo de amigos entusiastas, essa data \u00e9 um tributo \u00e0 cerveja, \u00e0 camaradagem e \u00e0 <a href=\"https:\/\/scarlettseixas.com.br\/blog\/a-historia-inspiradora-de-ruth-handler-a-mente-brilhante-por-tras-da-barbie\/\">diversidade<\/a> de sabores que essa bebida milenar oferece.<\/p>\n<h2>Origens e Prop\u00f3sito<\/h2>\n<p><img loading=\"lazy\" decoding=\"async\" class=\"aligncenter size-large wp-image-1357\" src=\"https:\/\/scarlettseixas.com.br\/blog\/wp-content\/uploads\/2023\/08\/MG_0770-1024x1024.png\" alt=\"\" width=\"640\" height=\"640\" srcset=\"https:\/\/scarlettseixas.com.br\/blog\/wp-content\/uploads\/2023\/08\/MG_0770-1024x1024.png 1024w, https:\/\/scarlettseixas.com.br\/blog\/wp-content\/uploads\/2023\/08\/MG_0770-300x300.png 300w, https:\/\/scarlettseixas.com.br\/blog\/wp-content\/uploads\/2023\/08\/MG_0770-150x150.png 150w, https:\/\/scarlettseixas.com.br\/blog\/wp-content\/uploads\/2023\/08\/MG_0770-1536x1536.png 1536w, https:\/\/scarlettseixas.com.br\/blog\/wp-content\/uploads\/2023\/08\/MG_0770.png 2000w\" sizes=\"auto, (max-width: 640px) 100vw, 640px\" \/><\/p>\n<p>&nbsp;<\/p>\n<p>O Dia Internacional da Cerveja nasceu em Santa Cruz, na Calif\u00f3rnia, quando quatro amigos, entre eles o cervejeiro Jesse Avshalomov, decidiram oficializar a <a href=\"https:\/\/scarlettseixas.com.br\/blog\/lingerie-day-empoderamento-e-respeito-ao-corpo-feminino\/\">celebra\u00e7\u00e3o<\/a> da cerveja de maneira especial. Eles elaboraram um documento que estabelecia os princ\u00edpios do dia: apreciar uma boa cerveja na companhia de amigos, homenagear cervejeiros e gar\u00e7ons, e explorar cervejas de diferentes nacionalidades e culturas.<\/p>\n<h2>Cerveja Artesanal no Brasil<\/h2>\n<p><img loading=\"lazy\" decoding=\"async\" class=\"aligncenter size-large wp-image-1354\" src=\"https:\/\/scarlettseixas.com.br\/blog\/wp-content\/uploads\/2023\/08\/MG_5238-1024x1024.png\" alt=\"\" width=\"640\" height=\"640\" srcset=\"https:\/\/scarlettseixas.com.br\/blog\/wp-content\/uploads\/2023\/08\/MG_5238-1024x1024.png 1024w, https:\/\/scarlettseixas.com.br\/blog\/wp-content\/uploads\/2023\/08\/MG_5238-300x300.png 300w, https:\/\/scarlettseixas.com.br\/blog\/wp-content\/uploads\/2023\/08\/MG_5238-150x150.png 150w, https:\/\/scarlettseixas.com.br\/blog\/wp-content\/uploads\/2023\/08\/MG_5238-1536x1536.png 1536w, https:\/\/scarlettseixas.com.br\/blog\/wp-content\/uploads\/2023\/08\/MG_5238.png 2000w\" sizes=\"auto, (max-width: 640px) 100vw, 640px\" \/><\/p>\n<p>&nbsp;<\/p>\n<p>No Brasil, a cerveja artesanal tem conquistado cora\u00e7\u00f5es e paladares, e essa <a href=\"https:\/\/scarlettseixas.com.br\/blog\/barbiecore-o-que-e-e-como-aderir-ao-estilo-que-enaltece-o-rosa-choque-da-barbie\/\">tend\u00eancia<\/a> tamb\u00e9m \u00e9 observada no Rio Grande do Sul, especialmente em Porto Alegre. A capital ga\u00facha ganhou destaque ao ser o munic\u00edpio com o maior n\u00famero de registros de cervejas no pa\u00eds, segundo o Anu\u00e1rio Brasileiro da Cerveja de 2022, elaborado pelo Minist\u00e9rio da Agricultura, Pecu\u00e1ria e Abastecimento. Al\u00e9m disso, em termos de quantidade de cervejarias, Porto Alegre ocupa o segundo lugar, ficando atr\u00e1s somente da cidade de S\u00e3o Paulo.<\/p>\n<h2>Celebrando a Diversidade Cervejeira<\/h2>\n<p><img loading=\"lazy\" decoding=\"async\" class=\"aligncenter size-large wp-image-1356\" src=\"https:\/\/scarlettseixas.com.br\/blog\/wp-content\/uploads\/2023\/08\/MG_0781-1024x1024.png\" alt=\"\" width=\"640\" height=\"640\" srcset=\"https:\/\/scarlettseixas.com.br\/blog\/wp-content\/uploads\/2023\/08\/MG_0781-1024x1024.png 1024w, https:\/\/scarlettseixas.com.br\/blog\/wp-content\/uploads\/2023\/08\/MG_0781-300x300.png 300w, https:\/\/scarlettseixas.com.br\/blog\/wp-content\/uploads\/2023\/08\/MG_0781-150x150.png 150w, https:\/\/scarlettseixas.com.br\/blog\/wp-content\/uploads\/2023\/08\/MG_0781-1536x1536.png 1536w, https:\/\/scarlettseixas.com.br\/blog\/wp-content\/uploads\/2023\/08\/MG_0781.png 2000w\" sizes=\"auto, (max-width: 640px) 100vw, 640px\" \/><\/p>\n<p>&nbsp;<\/p>\n<p>O Dia Internacional da Cerveja \u00e9 muito mais do que apenas brindar com um copo gelado nas m\u00e3os. \u00c9 uma oportunidade de mergulhar na riqueza da cultura cervejeira global, experimentando uma infinidade de estilos, aromas e sabores. Seja voc\u00ea um apreciador de cerveja <a href=\"https:\/\/scarlettseixas.com.br\/blog\/cafe-tradicional-superior-e-gourmet-entenda-as-diferencas-e-desperte-seus-sentidos\/\">tradicional<\/a> ou um entusiasta das cervejas artesanais, este \u00e9 o dia para explorar novas possibilidades e <a href=\"https:\/\/scarlettseixas.com.br\/blog\/beats-senses-473ml-a-nova-sensacao-nas-festas-do-rio-de-janeiro-e-minas-gerais\/\">compartilhar<\/a> momentos memor\u00e1veis com amigos e familiares.<\/p>\n<h2>Elevando os Copos para a Uni\u00e3o Global em Torno da Cerveja<\/h2>\n<p><img loading=\"lazy\" decoding=\"async\" class=\"aligncenter size-large wp-image-1355\" src=\"https:\/\/scarlettseixas.com.br\/blog\/wp-content\/uploads\/2023\/08\/justo-1-1024x1024.png\" alt=\"\" width=\"640\" height=\"640\" srcset=\"https:\/\/scarlettseixas.com.br\/blog\/wp-content\/uploads\/2023\/08\/justo-1-1024x1024.png 1024w, https:\/\/scarlettseixas.com.br\/blog\/wp-content\/uploads\/2023\/08\/justo-1-300x300.png 300w, https:\/\/scarlettseixas.com.br\/blog\/wp-content\/uploads\/2023\/08\/justo-1-150x150.png 150w, https:\/\/scarlettseixas.com.br\/blog\/wp-content\/uploads\/2023\/08\/justo-1-1536x1536.png 1536w, https:\/\/scarlettseixas.com.br\/blog\/wp-content\/uploads\/2023\/08\/justo-1.png 2000w\" sizes=\"auto, (max-width: 640px) 100vw, 640px\" \/><\/p>\n<p>&nbsp;<\/p>\n<p>\u00c0 medida que a primeira sexta-feira de agosto se aproxima, prepare-se para celebrar o Dia Internacional da Cerveja de maneira \u00fanica e empolgante. Uma ocasi\u00e3o que transcende fronteiras e re\u00fane pessoas de todas as partes, esse dia especial nos lembra que a cerveja \u00e9 mais do que uma simples bebida, \u00e9 um s\u00edmbolo de conviv\u00eancia, <a href=\"https:\/\/scarlettseixas.com.br\/blog\/dia-do-amigo-celebre-a-importancia-da-amizade\/\">amizade<\/a> e apre\u00e7o pelas diferentes culturas ao redor do mundo. Ent\u00e3o, pegue sua cerveja favorita, chame os amigos e brinde a essa celebra\u00e7\u00e3o global da cerveja!<\/p>\n","protected":false},"excerpt":{"rendered":"<p>A primeira sexta-feira de agosto \u00e9 um dia de alegria para os apreciadores e produtores&#8230;<\/p>\n","protected":false},"author":1,"featured_media":1367,"comment_status":"open","ping_status":"open","sticky":false,"template":"","format":"standard","meta":{"footnotes":""},"categories":[18,61,81],"tags":[211,416,413,408,409,415,410,407,348,417,414,412,411],"class_list":["post-1353","post","type-post","status-publish","format-standard","has-post-thumbnail","hentry","category-destaques","category-fotos","category-gastronomia","tag-amizade","tag-bebida-milenar","tag-brindes","tag-celebracao-da-cerveja","tag-cerveja-artesanal","tag-cervejarias","tag-cultura-cervejeira","tag-dia-internacional-da-cerveja","tag-diversidade","tag-encontro-com-amigos","tag-porto-alegre","tag-sabores-e-aromas","tag-uniao-global"],"yoast_head":"<!-- This site is optimized with the Yoast SEO plugin v21.9.1 - https:\/\/yoast.com\/wordpress\/plugins\/seo\/ -->\n<title>Celebra\u00e7\u00e3o Global da Cerveja: Dia Internacional da Cerveja - Scarlett Seixas - Jornada de descobertas: Not\u00edcias e Lifestyle<\/title>\n<meta name=\"description\" content=\"Celebre a diversidade cervejeira e a camaradagem global no Dia Internacional da Cerveja, uma ocasi\u00e3o \u00fanica para brindar e explorar sabores.\" \/>\n<meta name=\"robots\" content=\"index, follow, max-snippet:-1, max-image-preview:large, max-video-preview:-1\" \/>\n<link rel=\"canonical\" href=\"https:\/\/scarlettseixas.com.br\/blog\/celebracao-global-da-cerveja-dia-internacional-da-cerveja\/\" \/>\n<meta property=\"og:locale\" content=\"pt_BR\" \/>\n<meta property=\"og:type\" content=\"article\" \/>\n<meta property=\"og:title\" content=\"Celebra\u00e7\u00e3o Global da Cerveja: Dia Internacional da Cerveja - Scarlett Seixas - Jornada de descobertas: Not\u00edcias e Lifestyle\" \/>\n<meta property=\"og:description\" content=\"Celebre a diversidade cervejeira e a camaradagem global no Dia Internacional da Cerveja, uma ocasi\u00e3o \u00fanica para brindar e explorar sabores.\" \/>\n<meta property=\"og:url\" content=\"https:\/\/scarlettseixas.com.br\/blog\/celebracao-global-da-cerveja-dia-internacional-da-cerveja\/\" \/>\n<meta property=\"og:site_name\" content=\"Scarlett Seixas - Jornada de descobertas: Not\u00edcias e Lifestyle\" \/>\n<meta property=\"article:published_time\" content=\"2023-08-04T20:01:29+00:00\" \/>\n<meta property=\"article:modified_time\" content=\"2023-08-07T17:27:26+00:00\" \/>\n<meta property=\"og:image\" content=\"https:\/\/scarlettseixas.com.br\/blog\/wp-content\/uploads\/2023\/08\/dia-internacional-da-cerveja-scarlett-seixas-.jpg\" \/>\n\t<meta property=\"og:image:width\" content=\"1200\" \/>\n\t<meta property=\"og:image:height\" content=\"800\" \/>\n\t<meta property=\"og:image:type\" content=\"image\/jpeg\" \/>\n<meta name=\"author\" content=\"scarlettseixas\" \/>\n<meta name=\"twitter:card\" content=\"summary_large_image\" \/>\n<meta name=\"twitter:creator\" content=\"@scarlett_seixas\" \/>\n<meta name=\"twitter:label1\" content=\"Escrito por\" \/>\n\t<meta name=\"twitter:data1\" content=\"scarlettseixas\" \/>\n\t<meta name=\"twitter:label2\" content=\"Est. tempo de leitura\" \/>\n\t<meta name=\"twitter:data2\" content=\"4 minutos\" \/>\n<script type=\"application\/ld+json\" class=\"yoast-schema-graph\">{\"@context\":\"https:\/\/schema.org\",\"@graph\":[{\"@type\":\"WebPage\",\"@id\":\"https:\/\/scarlettseixas.com.br\/blog\/celebracao-global-da-cerveja-dia-internacional-da-cerveja\/\",\"url\":\"https:\/\/scarlettseixas.com.br\/blog\/celebracao-global-da-cerveja-dia-internacional-da-cerveja\/\",\"name\":\"Celebra\u00e7\u00e3o Global da Cerveja: Dia Internacional da Cerveja - Scarlett Seixas - Jornada de descobertas: Not\u00edcias e Lifestyle\",\"isPartOf\":{\"@id\":\"https:\/\/scarlettseixas.com.br\/blog\/#website\"},\"datePublished\":\"2023-08-04T20:01:29+00:00\",\"dateModified\":\"2023-08-07T17:27:26+00:00\",\"author\":{\"@id\":\"https:\/\/scarlettseixas.com.br\/blog\/#\/schema\/person\/5f8c43fdeab0eb806c3c55d091ee93f6\"},\"description\":\"Celebre a diversidade cervejeira e a camaradagem global no Dia Internacional da Cerveja, uma ocasi\u00e3o \u00fanica para brindar e explorar sabores.\",\"breadcrumb\":{\"@id\":\"https:\/\/scarlettseixas.com.br\/blog\/celebracao-global-da-cerveja-dia-internacional-da-cerveja\/#breadcrumb\"},\"inLanguage\":\"pt-BR\",\"potentialAction\":[{\"@type\":\"ReadAction\",\"target\":[\"https:\/\/scarlettseixas.com.br\/blog\/celebracao-global-da-cerveja-dia-internacional-da-cerveja\/\"]}]},{\"@type\":\"BreadcrumbList\",\"@id\":\"https:\/\/scarlettseixas.com.br\/blog\/celebracao-global-da-cerveja-dia-internacional-da-cerveja\/#breadcrumb\",\"itemListElement\":[{\"@type\":\"ListItem\",\"position\":1,\"name\":\"In\u00edcio\",\"item\":\"https:\/\/scarlettseixas.com.br\/blog\/\"},{\"@type\":\"ListItem\",\"position\":2,\"name\":\"Celebra\u00e7\u00e3o Global da Cerveja: Dia Internacional da Cerveja\"}]},{\"@type\":\"WebSite\",\"@id\":\"https:\/\/scarlettseixas.com.br\/blog\/#website\",\"url\":\"https:\/\/scarlettseixas.com.br\/blog\/\",\"name\":\"Scarlett Seixas - Jornada de descobertas: Not\u00edcias e Lifestyle\",\"description\":\"Scarlett Seixas, um blog que o(a) convida a embarcar em uma empolgante jornada de descobertas e explorar um estilo de vida vibrante.\",\"potentialAction\":[{\"@type\":\"SearchAction\",\"target\":{\"@type\":\"EntryPoint\",\"urlTemplate\":\"https:\/\/scarlettseixas.com.br\/blog\/?s={search_term_string}\"},\"query-input\":\"required name=search_term_string\"}],\"inLanguage\":\"pt-BR\"},{\"@type\":\"Person\",\"@id\":\"https:\/\/scarlettseixas.com.br\/blog\/#\/schema\/person\/5f8c43fdeab0eb806c3c55d091ee93f6\",\"name\":\"scarlettseixas\",\"image\":{\"@type\":\"ImageObject\",\"inLanguage\":\"pt-BR\",\"@id\":\"https:\/\/scarlettseixas.com.br\/blog\/#\/schema\/person\/image\/\",\"url\":\"https:\/\/secure.gravatar.com\/avatar\/9d6579ba13eb21424d4b7818f3a9137f01a3e7a01487833b5e8be9ef900fdef2?s=96&d=mm&r=g\",\"contentUrl\":\"https:\/\/secure.gravatar.com\/avatar\/9d6579ba13eb21424d4b7818f3a9137f01a3e7a01487833b5e8be9ef900fdef2?s=96&d=mm&r=g\",\"caption\":\"scarlettseixas\"},\"description\":\"Scarlett Seixas \u00e9 uma criadora de conte\u00fados, ga\u00facha e atualmente mora em Porto Alegre\/RS. Gosta de moda, maquiagem, futebol, cerveja artesanal e tudo que possa harmonizar com o seu estilo de vida. No Instagram possui mais de 48 mil seguidores. Compartilha viagens, r\u00f3tulos de cerveja, maquiagens, looks, dicas de fa\u00e7a voc\u00ea mesmo e tudo sobre o meu dia-a-dia. O conte\u00fado \u00e9 amplo, por\u00e9m focado no est\u00edmulo de assuntos e a\u00e7\u00f5es. Mostra a vida de forma transparente e real com inten\u00e7\u00e3o de gerar autenticidade e conex\u00f5es verdadeiras com a comunidade.\",\"sameAs\":[\"http:\/\/scarlettseixas.com.br\/\",\"https:\/\/twitter.com\/scarlett_seixas\"],\"url\":\"https:\/\/scarlettseixas.com.br\/blog\/author\/scarlettseixas\/\"}]}<\/script>\n<!-- \/ Yoast SEO plugin. -->","yoast_head_json":{"title":"Celebra\u00e7\u00e3o Global da Cerveja: Dia Internacional da Cerveja - Scarlett Seixas - Jornada de descobertas: Not\u00edcias e Lifestyle","description":"Celebre a diversidade cervejeira e a camaradagem global no Dia Internacional da Cerveja, uma ocasi\u00e3o \u00fanica para brindar e explorar sabores.","robots":{"index":"index","follow":"follow","max-snippet":"max-snippet:-1","max-image-preview":"max-image-preview:large","max-video-preview":"max-video-preview:-1"},"canonical":"https:\/\/scarlettseixas.com.br\/blog\/celebracao-global-da-cerveja-dia-internacional-da-cerveja\/","og_locale":"pt_BR","og_type":"article","og_title":"Celebra\u00e7\u00e3o Global da Cerveja: Dia Internacional da Cerveja - Scarlett Seixas - Jornada de descobertas: Not\u00edcias e Lifestyle","og_description":"Celebre a diversidade cervejeira e a camaradagem global no Dia Internacional da Cerveja, uma ocasi\u00e3o \u00fanica para brindar e explorar sabores.","og_url":"https:\/\/scarlettseixas.com.br\/blog\/celebracao-global-da-cerveja-dia-internacional-da-cerveja\/","og_site_name":"Scarlett Seixas - Jornada de descobertas: Not\u00edcias e Lifestyle","article_published_time":"2023-08-04T20:01:29+00:00","article_modified_time":"2023-08-07T17:27:26+00:00","og_image":[{"width":1200,"height":800,"url":"https:\/\/scarlettseixas.com.br\/blog\/wp-content\/uploads\/2023\/08\/dia-internacional-da-cerveja-scarlett-seixas-.jpg","type":"image\/jpeg"}],"author":"scarlettseixas","twitter_card":"summary_large_image","twitter_creator":"@scarlett_seixas","twitter_misc":{"Escrito por":"scarlettseixas","Est. tempo de leitura":"4 minutos"},"schema":{"@context":"https:\/\/schema.org","@graph":[{"@type":"WebPage","@id":"https:\/\/scarlettseixas.com.br\/blog\/celebracao-global-da-cerveja-dia-internacional-da-cerveja\/","url":"https:\/\/scarlettseixas.com.br\/blog\/celebracao-global-da-cerveja-dia-internacional-da-cerveja\/","name":"Celebra\u00e7\u00e3o Global da Cerveja: Dia Internacional da Cerveja - Scarlett Seixas - Jornada de descobertas: Not\u00edcias e Lifestyle","isPartOf":{"@id":"https:\/\/scarlettseixas.com.br\/blog\/#website"},"datePublished":"2023-08-04T20:01:29+00:00","dateModified":"2023-08-07T17:27:26+00:00","author":{"@id":"https:\/\/scarlettseixas.com.br\/blog\/#\/schema\/person\/5f8c43fdeab0eb806c3c55d091ee93f6"},"description":"Celebre a diversidade cervejeira e a camaradagem global no Dia Internacional da Cerveja, uma ocasi\u00e3o \u00fanica para brindar e explorar sabores.","breadcrumb":{"@id":"https:\/\/scarlettseixas.com.br\/blog\/celebracao-global-da-cerveja-dia-internacional-da-cerveja\/#breadcrumb"},"inLanguage":"pt-BR","potentialAction":[{"@type":"ReadAction","target":["https:\/\/scarlettseixas.com.br\/blog\/celebracao-global-da-cerveja-dia-internacional-da-cerveja\/"]}]},{"@type":"BreadcrumbList","@id":"https:\/\/scarlettseixas.com.br\/blog\/celebracao-global-da-cerveja-dia-internacional-da-cerveja\/#breadcrumb","itemListElement":[{"@type":"ListItem","position":1,"name":"In\u00edcio","item":"https:\/\/scarlettseixas.com.br\/blog\/"},{"@type":"ListItem","position":2,"name":"Celebra\u00e7\u00e3o Global da Cerveja: Dia Internacional da Cerveja"}]},{"@type":"WebSite","@id":"https:\/\/scarlettseixas.com.br\/blog\/#website","url":"https:\/\/scarlettseixas.com.br\/blog\/","name":"Scarlett Seixas - Jornada de descobertas: Not\u00edcias e Lifestyle","description":"Scarlett Seixas, um blog que o(a) convida a embarcar em uma empolgante jornada de descobertas e explorar um estilo de vida vibrante.","potentialAction":[{"@type":"SearchAction","target":{"@type":"EntryPoint","urlTemplate":"https:\/\/scarlettseixas.com.br\/blog\/?s={search_term_string}"},"query-input":"required name=search_term_string"}],"inLanguage":"pt-BR"},{"@type":"Person","@id":"https:\/\/scarlettseixas.com.br\/blog\/#\/schema\/person\/5f8c43fdeab0eb806c3c55d091ee93f6","name":"scarlettseixas","image":{"@type":"ImageObject","inLanguage":"pt-BR","@id":"https:\/\/scarlettseixas.com.br\/blog\/#\/schema\/person\/image\/","url":"https:\/\/secure.gravatar.com\/avatar\/9d6579ba13eb21424d4b7818f3a9137f01a3e7a01487833b5e8be9ef900fdef2?s=96&d=mm&r=g","contentUrl":"https:\/\/secure.gravatar.com\/avatar\/9d6579ba13eb21424d4b7818f3a9137f01a3e7a01487833b5e8be9ef900fdef2?s=96&d=mm&r=g","caption":"scarlettseixas"},"description":"Scarlett Seixas \u00e9 uma criadora de conte\u00fados, ga\u00facha e atualmente mora em Porto Alegre\/RS. Gosta de moda, maquiagem, futebol, cerveja artesanal e tudo que possa harmonizar com o seu estilo de vida. No Instagram possui mais de 48 mil seguidores. Compartilha viagens, r\u00f3tulos de cerveja, maquiagens, looks, dicas de fa\u00e7a voc\u00ea mesmo e tudo sobre o meu dia-a-dia. O conte\u00fado \u00e9 amplo, por\u00e9m focado no est\u00edmulo de assuntos e a\u00e7\u00f5es. Mostra a vida de forma transparente e real com inten\u00e7\u00e3o de gerar autenticidade e conex\u00f5es verdadeiras com a comunidade.","sameAs":["http:\/\/scarlettseixas.com.br\/","https:\/\/twitter.com\/scarlett_seixas"],"url":"https:\/\/scarlettseixas.com.br\/blog\/author\/scarlettseixas\/"}]}},"featured_image_urls":{"full":["https:\/\/scarlettseixas.com.br\/blog\/wp-content\/uploads\/2023\/08\/dia-internacional-da-cerveja-scarlett-seixas-.jpg",1200,800,false],"thumbnail":["https:\/\/scarlettseixas.com.br\/blog\/wp-content\/uploads\/2023\/08\/dia-internacional-da-cerveja-scarlett-seixas--150x150.jpg",150,150,true],"medium":["https:\/\/scarlettseixas.com.br\/blog\/wp-content\/uploads\/2023\/08\/dia-internacional-da-cerveja-scarlett-seixas--300x200.jpg",300,200,true],"medium_large":["https:\/\/scarlettseixas.com.br\/blog\/wp-content\/uploads\/2023\/08\/dia-internacional-da-cerveja-scarlett-seixas-.jpg",640,427,false],"large":["https:\/\/scarlettseixas.com.br\/blog\/wp-content\/uploads\/2023\/08\/dia-internacional-da-cerveja-scarlett-seixas--1024x683.jpg",640,427,true],"1536x1536":["https:\/\/scarlettseixas.com.br\/blog\/wp-content\/uploads\/2023\/08\/dia-internacional-da-cerveja-scarlett-seixas-.jpg",1200,800,false],"2048x2048":["https:\/\/scarlettseixas.com.br\/blog\/wp-content\/uploads\/2023\/08\/dia-internacional-da-cerveja-scarlett-seixas-.jpg",1200,800,false],"covernews-slider-full":["https:\/\/scarlettseixas.com.br\/blog\/wp-content\/uploads\/2023\/08\/dia-internacional-da-cerveja-scarlett-seixas--1115x715.jpg",1115,715,true],"covernews-slider-center":["https:\/\/scarlettseixas.com.br\/blog\/wp-content\/uploads\/2023\/08\/dia-internacional-da-cerveja-scarlett-seixas--800x500.jpg",800,500,true],"covernews-featured":["https:\/\/scarlettseixas.com.br\/blog\/wp-content\/uploads\/2023\/08\/dia-internacional-da-cerveja-scarlett-seixas--1024x683.jpg",1024,683,true],"covernews-medium":["https:\/\/scarlettseixas.com.br\/blog\/wp-content\/uploads\/2023\/08\/dia-internacional-da-cerveja-scarlett-seixas--540x340.jpg",540,340,true],"covernews-medium-square":["https:\/\/scarlettseixas.com.br\/blog\/wp-content\/uploads\/2023\/08\/dia-internacional-da-cerveja-scarlett-seixas--400x250.jpg",400,250,true]},"author_info":{"display_name":"scarlettseixas","author_link":"https:\/\/scarlettseixas.com.br\/blog\/author\/scarlettseixas\/"},"category_info":"<a href=\"https:\/\/scarlettseixas.com.br\/blog\/category\/destaques\/\" rel=\"category tag\">Destaques<\/a> <a href=\"https:\/\/scarlettseixas.com.br\/blog\/category\/fotos\/\" rel=\"category tag\">Fotos<\/a> <a href=\"https:\/\/scarlettseixas.com.br\/blog\/category\/gastronomia\/\" rel=\"category tag\">Gastronomia<\/a>","tag_info":"Gastronomia","comment_count":"0","_links":{"self":[{"href":"https:\/\/scarlettseixas.com.br\/blog\/wp-json\/wp\/v2\/posts\/1353","targetHints":{"allow":["GET"]}}],"collection":[{"href":"https:\/\/scarlettseixas.com.br\/blog\/wp-json\/wp\/v2\/posts"}],"about":[{"href":"https:\/\/scarlettseixas.com.br\/blog\/wp-json\/wp\/v2\/types\/post"}],"author":[{"embeddable":true,"href":"https:\/\/scarlettseixas.com.br\/blog\/wp-json\/wp\/v2\/users\/1"}],"replies":[{"embeddable":true,"href":"https:\/\/scarlettseixas.com.br\/blog\/wp-json\/wp\/v2\/comments?post=1353"}],"version-history":[{"count":1,"href":"https:\/\/scarlettseixas.com.br\/blog\/wp-json\/wp\/v2\/posts\/1353\/revisions"}],"predecessor-version":[{"id":1359,"href":"https:\/\/scarlettseixas.com.br\/blog\/wp-json\/wp\/v2\/posts\/1353\/revisions\/1359"}],"wp:featuredmedia":[{"embeddable":true,"href":"https:\/\/scarlettseixas.com.br\/blog\/wp-json\/wp\/v2\/media\/1367"}],"wp:attachment":[{"href":"https:\/\/scarlettseixas.com.br\/blog\/wp-json\/wp\/v2\/media?parent=1353"}],"wp:term":[{"taxonomy":"category","embeddable":true,"href":"https:\/\/scarlettseixas.com.br\/blog\/wp-json\/wp\/v2\/categories?post=1353"},{"taxonomy":"post_tag","embeddable":true,"href":"https:\/\/scarlettseixas.com.br\/blog\/wp-json\/wp\/v2\/tags?post=1353"}],"curies":[{"name":"wp","href":"https:\/\/api.w.org\/{rel}","templated":true}]}}