{"id":1255,"date":"2023-07-17T16:28:40","date_gmt":"2023-07-17T19:28:40","guid":{"rendered":"https:\/\/scarlettseixas.com.br\/blog\/?p=1255"},"modified":"2023-07-17T16:28:40","modified_gmt":"2023-07-17T19:28:40","slug":"dia-do-amigo-celebre-a-importancia-da-amizade","status":"publish","type":"post","link":"https:\/\/scarlettseixas.com.br\/blog\/dia-do-amigo-celebre-a-importancia-da-amizade\/","title":{"rendered":"Dia do Amigo: Celebre a Import\u00e2ncia da Amizade"},"content":{"rendered":"<p>No dia 20 de julho, comemora-se o Dia do Amigo em diversas partes do mundo. Essa data especial nos convida a refletir sobre a import\u00e2ncia da <a href=\"https:\/\/scarlettseixas.com.br\/blog\/heartstopper-um-fenomeno-sobre-amadurecimento-que-conquista-a-audiencia\/\">amizade<\/a> em nossas vidas e a <a href=\"https:\/\/scarlettseixas.com.br\/blog\/celebrando-o-sabor-e-a-historia-da-india-pale-ale-no-dia-internacional-da-ipa\/\">celebrar<\/a> os la\u00e7os que constru\u00edmos com pessoas queridas. Neste artigo, vamos explorar a <a href=\"https:\/\/scarlettseixas.com.br\/blog\/cafe-tradicional-superior-e-gourmet-entenda-as-diferencas-e-desperte-seus-sentidos\/\">origem<\/a> do Dia do Amigo, destacar a relev\u00e2ncia dessa <a href=\"https:\/\/scarlettseixas.com.br\/blog\/lingerie-day-empoderamento-e-respeito-ao-corpo-feminino\/\">celebra\u00e7\u00e3o<\/a> e compartilhar ideias para celebrar essa data especial com seus amigos. Vamos juntos mergulhar no universo da amizade!<\/p>\n<p>&nbsp;<\/p>\n<p><img loading=\"lazy\" decoding=\"async\" class=\"aligncenter size-large wp-image-1256\" src=\"https:\/\/scarlettseixas.com.br\/blog\/wp-content\/uploads\/2023\/07\/amizade-1024x682.webp\" alt=\"\" width=\"640\" height=\"426\" srcset=\"https:\/\/scarlettseixas.com.br\/blog\/wp-content\/uploads\/2023\/07\/amizade-1024x682.webp 1024w, https:\/\/scarlettseixas.com.br\/blog\/wp-content\/uploads\/2023\/07\/amizade-300x200.webp 300w, https:\/\/scarlettseixas.com.br\/blog\/wp-content\/uploads\/2023\/07\/amizade-1536x1023.webp 1536w, https:\/\/scarlettseixas.com.br\/blog\/wp-content\/uploads\/2023\/07\/amizade-jpg.webp 1600w\" sizes=\"auto, (max-width: 640px) 100vw, 640px\" \/><\/p>\n<p>&nbsp;<\/p>\n<h2>Origem do Dia do Amigo<\/h2>\n<p>O Dia do Amigo tem suas ra\u00edzes em Buenos Aires, Argentina, onde foi proposto pela primeira vez por Enrique Ernesto Febbraro, em 1958. Febbraro teve a <a href=\"https:\/\/scarlettseixas.com.br\/blog\/a-historia-inspiradora-de-ruth-handler-a-mente-brilhante-por-tras-da-barbie\/\">inspira\u00e7\u00e3o<\/a> de estabelecer um dia dedicado \u00e0 amizade ap\u00f3s a chegada do homem \u00e0 lua, em 20 de julho de 1969. Ele considerou esse acontecimento como um s\u00edmbolo de uni\u00e3o e coopera\u00e7\u00e3o entre os seres humanos, e acreditava que era essencial celebrar a amizade como uma for\u00e7a impulsionadora de grandes feitos.<\/p>\n<h2>A Import\u00e2ncia da Amizade<\/h2>\n<p>A amizade \u00e9 um dos pilares fundamentais da vida. Ter amigos verdadeiros traz in\u00fameros benef\u00edcios para o nosso <a href=\"https:\/\/scarlettseixas.com.br\/blog\/cuidado-com-o-corpo-priorize-o-autocuidado-fisico-incluindo-uma-alimentacao-equilibrada-exercicios-fisicos-que-voce-goste-e-uma-rotina-de-sono-adequada\/\">bem-estar<\/a> emocional, f\u00edsico e mental. Amigos est\u00e3o ao nosso lado nos momentos bons e ruins, oferecem apoio, <a href=\"https:\/\/scarlettseixas.com.br\/blog\/autocompaixao-trate-se-com-gentileza-e-compreensao-praticando-a-autocompaixao-diante-dos-desafios-e-erros\/\">compreens\u00e3o<\/a>, e compartilham alegrias e tristezas. Al\u00e9m disso, a amizade contribui para a nossa <a href=\"https:\/\/scarlettseixas.com.br\/blog\/celebrando-a-beleza-interior-meu-caminho-para-o-amor-proprio-e-a-body-positivity\/\">felicidade<\/a> e <a href=\"https:\/\/scarlettseixas.com.br\/blog\/reviravolta-na-obesidade-medicamento-inovador-derrota-a-gordura-sem-afetar-a-fome\/\">sa\u00fade<\/a> geral, reduzindo o estresse e proporcionando um senso de pertencimento.<\/p>\n<h2>Celebrando o Dia do Amigo<\/h2>\n<p>O Dia do Amigo \u00e9 uma oportunidade perfeita para demonstrar <a href=\"https:\/\/scarlettseixas.com.br\/blog\/pratica-de-gratidao-cultive-a-gratidao-diariamente-reconhecendo-e-valorizando-as-coisas-positivas-em-sua-vida\/\">gratid\u00e3o<\/a> e carinho pelos amigos. Aqui est\u00e3o algumas ideias para celebrar essa data especial:<\/p>\n<p>1. Envie uma mensagem personalizada: Escreva uma mensagem sincera expressando o quanto seus amigos s\u00e3o importantes para voc\u00ea. Demonstrar seu apre\u00e7o e amor atrav\u00e9s de palavras pode fortalecer ainda mais os la\u00e7os de amizade.<\/p>\n<p>2. Organize um encontro especial: Planeje um momento de conviv\u00eancia com seus amigos. Pode ser um almo\u00e7o, um passeio, um jantar ou at\u00e9 mesmo uma <a href=\"https:\/\/scarlettseixas.com.br\/blog\/beats-senses-473ml-a-nova-sensacao-nas-festas-do-rio-de-janeiro-e-minas-gerais\/\">festa<\/a> tem\u00e1tica. Aproveite a ocasi\u00e3o para criar mem\u00f3rias duradouras e fortalecer os v\u00ednculos entre voc\u00eas.<\/p>\n<p>3. Presentes simb\u00f3licos: Surpreenda seus amigos com pequenos presentes que representem a amizade. Pode ser algo personalizado, uma lembran\u00e7a que remeta a um momento especial ou at\u00e9 mesmo um gesto simples, mas cheio de significado.<\/p>\n<p>4. Fa\u00e7a uma atividade em conjunto: Participem de uma atividade que todos gostem, como um jogo, uma aula de dan\u00e7a, um passeio ao ar livre ou um dia de spa. O importante \u00e9 desfrutar da companhia um do outro e criar momentos de divers\u00e3o.<\/p>\n<p>&nbsp;<\/p>\n<p>O Dia do Amigo \u00e9 uma data que nos convida a celebrar a amizade e agradecer pela presen\u00e7a de pessoas especiais em nossas vidas. \u00c9 um momento de fortalecer os la\u00e7os, criar mem\u00f3rias e reconhecer a import\u00e2ncia dos amigos. Portanto, aproveite essa oportunidade para demonstrar seu amor e gratid\u00e3o, e celebre a amizade em grande <a href=\"https:\/\/scarlettseixas.com.br\/blog\/barbiecore-o-que-e-e-como-aderir-ao-estilo-que-enaltece-o-rosa-choque-da-barbie\/\">estilo<\/a>. Lembre-se de que ter amigos \u00e9 um tesouro inestim\u00e1vel e que eles tornam nossa <a href=\"https:\/\/scarlettseixas.com.br\/blog\/autoaceitacao-aceite-se-como-voce-e-reconhecendo-suas-qualidades-habilidades-e-caracteristicas-unicas\/\">jornada<\/a> mais rica e significativa. Feliz Dia do Amigo!<\/p>\n<p>\u2764\ufe0f<\/p>\n","protected":false},"excerpt":{"rendered":"<p>No dia 20 de julho, comemora-se o Dia do Amigo em diversas partes do mundo&#8230;.<\/p>\n","protected":false},"author":1,"featured_media":1257,"comment_status":"open","ping_status":"open","sticky":false,"template":"","format":"standard","meta":{"footnotes":""},"categories":[1,84],"tags":[217,211,222,218,226,212,214,219,210,224,99,105,213,215,225,223,220,221,138,216],"class_list":["post-1255","post","type-post","status-publish","format-standard","has-post-thumbnail","hentry","category-geral","category-outros-destaques","tag-amigos-verdadeiros","tag-amizade","tag-atividades-em-conjunto","tag-bem-estar-emocional","tag-carinho","tag-celebracao","tag-comemoracao","tag-convivencia","tag-dia-do-amigo","tag-encontros","tag-felicidade","tag-gratidao","tag-importancia","tag-lacos","tag-memorias","tag-mensagens-personalizadas","tag-momentos-especiais","tag-presentes-simbolicos","tag-saude","tag-uniao"],"yoast_head":"<!-- This site is optimized with the Yoast SEO plugin v21.9.1 - https:\/\/yoast.com\/wordpress\/plugins\/seo\/ -->\n<title>Dia do Amigo: Celebre a Import\u00e2ncia da Amizade - Scarlett Seixas - Jornada de descobertas: Not\u00edcias e Lifestyle<\/title>\n<meta name=\"description\" content=\"Celebre a import\u00e2ncia da amizade no Dia do Amigo! Descubra a origem dessa comemora\u00e7\u00e3o especial e encontre ideias para demonstrar gratid\u00e3o aos seus amigos. Saiba como fortalecer os la\u00e7os, criar mem\u00f3rias e desfrutar de momentos de conviv\u00eancia. Descubra o poder da amizade e celebre o Dia do Amigo com carinho e uni\u00e3o\" \/>\n<meta name=\"robots\" content=\"index, follow, max-snippet:-1, max-image-preview:large, max-video-preview:-1\" \/>\n<link rel=\"canonical\" href=\"https:\/\/scarlettseixas.com.br\/blog\/dia-do-amigo-celebre-a-importancia-da-amizade\/\" \/>\n<meta property=\"og:locale\" content=\"pt_BR\" \/>\n<meta property=\"og:type\" content=\"article\" \/>\n<meta property=\"og:title\" content=\"Dia do Amigo: Celebre a Import\u00e2ncia da Amizade - Scarlett Seixas - Jornada de descobertas: Not\u00edcias e Lifestyle\" \/>\n<meta property=\"og:description\" content=\"Celebre a import\u00e2ncia da amizade no Dia do Amigo! Descubra a origem dessa comemora\u00e7\u00e3o especial e encontre ideias para demonstrar gratid\u00e3o aos seus amigos. Saiba como fortalecer os la\u00e7os, criar mem\u00f3rias e desfrutar de momentos de conviv\u00eancia. Descubra o poder da amizade e celebre o Dia do Amigo com carinho e uni\u00e3o\" \/>\n<meta property=\"og:url\" content=\"https:\/\/scarlettseixas.com.br\/blog\/dia-do-amigo-celebre-a-importancia-da-amizade\/\" \/>\n<meta property=\"og:site_name\" content=\"Scarlett Seixas - Jornada de descobertas: Not\u00edcias e Lifestyle\" \/>\n<meta property=\"article:published_time\" content=\"2023-07-17T19:28:40+00:00\" \/>\n<meta property=\"og:image\" content=\"https:\/\/scarlettseixas.com.br\/blog\/wp-content\/uploads\/2023\/07\/dia-do-amigo.jpg\" \/>\n\t<meta property=\"og:image:width\" content=\"1200\" \/>\n\t<meta property=\"og:image:height\" content=\"800\" \/>\n\t<meta property=\"og:image:type\" content=\"image\/jpeg\" \/>\n<meta name=\"author\" content=\"scarlettseixas\" \/>\n<meta name=\"twitter:card\" content=\"summary_large_image\" \/>\n<meta name=\"twitter:creator\" content=\"@scarlett_seixas\" \/>\n<meta name=\"twitter:label1\" content=\"Escrito por\" \/>\n\t<meta name=\"twitter:data1\" content=\"scarlettseixas\" \/>\n\t<meta name=\"twitter:label2\" content=\"Est. tempo de leitura\" \/>\n\t<meta name=\"twitter:data2\" content=\"3 minutos\" \/>\n<script type=\"application\/ld+json\" class=\"yoast-schema-graph\">{\"@context\":\"https:\/\/schema.org\",\"@graph\":[{\"@type\":\"WebPage\",\"@id\":\"https:\/\/scarlettseixas.com.br\/blog\/dia-do-amigo-celebre-a-importancia-da-amizade\/\",\"url\":\"https:\/\/scarlettseixas.com.br\/blog\/dia-do-amigo-celebre-a-importancia-da-amizade\/\",\"name\":\"Dia do Amigo: Celebre a Import\u00e2ncia da Amizade - Scarlett Seixas - Jornada de descobertas: Not\u00edcias e Lifestyle\",\"isPartOf\":{\"@id\":\"https:\/\/scarlettseixas.com.br\/blog\/#website\"},\"datePublished\":\"2023-07-17T19:28:40+00:00\",\"dateModified\":\"2023-07-17T19:28:40+00:00\",\"author\":{\"@id\":\"https:\/\/scarlettseixas.com.br\/blog\/#\/schema\/person\/5f8c43fdeab0eb806c3c55d091ee93f6\"},\"description\":\"Celebre a import\u00e2ncia da amizade no Dia do Amigo! Descubra a origem dessa comemora\u00e7\u00e3o especial e encontre ideias para demonstrar gratid\u00e3o aos seus amigos. Saiba como fortalecer os la\u00e7os, criar mem\u00f3rias e desfrutar de momentos de conviv\u00eancia. Descubra o poder da amizade e celebre o Dia do Amigo com carinho e uni\u00e3o\",\"breadcrumb\":{\"@id\":\"https:\/\/scarlettseixas.com.br\/blog\/dia-do-amigo-celebre-a-importancia-da-amizade\/#breadcrumb\"},\"inLanguage\":\"pt-BR\",\"potentialAction\":[{\"@type\":\"ReadAction\",\"target\":[\"https:\/\/scarlettseixas.com.br\/blog\/dia-do-amigo-celebre-a-importancia-da-amizade\/\"]}]},{\"@type\":\"BreadcrumbList\",\"@id\":\"https:\/\/scarlettseixas.com.br\/blog\/dia-do-amigo-celebre-a-importancia-da-amizade\/#breadcrumb\",\"itemListElement\":[{\"@type\":\"ListItem\",\"position\":1,\"name\":\"In\u00edcio\",\"item\":\"https:\/\/scarlettseixas.com.br\/blog\/\"},{\"@type\":\"ListItem\",\"position\":2,\"name\":\"Dia do Amigo: Celebre a Import\u00e2ncia da Amizade\"}]},{\"@type\":\"WebSite\",\"@id\":\"https:\/\/scarlettseixas.com.br\/blog\/#website\",\"url\":\"https:\/\/scarlettseixas.com.br\/blog\/\",\"name\":\"Scarlett Seixas - Jornada de descobertas: Not\u00edcias e Lifestyle\",\"description\":\"Scarlett Seixas, um blog que o(a) convida a embarcar em uma empolgante jornada de descobertas e explorar um estilo de vida vibrante.\",\"potentialAction\":[{\"@type\":\"SearchAction\",\"target\":{\"@type\":\"EntryPoint\",\"urlTemplate\":\"https:\/\/scarlettseixas.com.br\/blog\/?s={search_term_string}\"},\"query-input\":\"required name=search_term_string\"}],\"inLanguage\":\"pt-BR\"},{\"@type\":\"Person\",\"@id\":\"https:\/\/scarlettseixas.com.br\/blog\/#\/schema\/person\/5f8c43fdeab0eb806c3c55d091ee93f6\",\"name\":\"scarlettseixas\",\"image\":{\"@type\":\"ImageObject\",\"inLanguage\":\"pt-BR\",\"@id\":\"https:\/\/scarlettseixas.com.br\/blog\/#\/schema\/person\/image\/\",\"url\":\"https:\/\/secure.gravatar.com\/avatar\/9d6579ba13eb21424d4b7818f3a9137f01a3e7a01487833b5e8be9ef900fdef2?s=96&d=mm&r=g\",\"contentUrl\":\"https:\/\/secure.gravatar.com\/avatar\/9d6579ba13eb21424d4b7818f3a9137f01a3e7a01487833b5e8be9ef900fdef2?s=96&d=mm&r=g\",\"caption\":\"scarlettseixas\"},\"description\":\"Scarlett Seixas \u00e9 uma criadora de conte\u00fados, ga\u00facha e atualmente mora em Porto Alegre\/RS. Gosta de moda, maquiagem, futebol, cerveja artesanal e tudo que possa harmonizar com o seu estilo de vida. No Instagram possui mais de 48 mil seguidores. Compartilha viagens, r\u00f3tulos de cerveja, maquiagens, looks, dicas de fa\u00e7a voc\u00ea mesmo e tudo sobre o meu dia-a-dia. O conte\u00fado \u00e9 amplo, por\u00e9m focado no est\u00edmulo de assuntos e a\u00e7\u00f5es. Mostra a vida de forma transparente e real com inten\u00e7\u00e3o de gerar autenticidade e conex\u00f5es verdadeiras com a comunidade.\",\"sameAs\":[\"http:\/\/scarlettseixas.com.br\/\",\"https:\/\/twitter.com\/scarlett_seixas\"],\"url\":\"https:\/\/scarlettseixas.com.br\/blog\/author\/scarlettseixas\/\"}]}<\/script>\n<!-- \/ Yoast SEO plugin. -->","yoast_head_json":{"title":"Dia do Amigo: Celebre a Import\u00e2ncia da Amizade - Scarlett Seixas - Jornada de descobertas: Not\u00edcias e Lifestyle","description":"Celebre a import\u00e2ncia da amizade no Dia do Amigo! Descubra a origem dessa comemora\u00e7\u00e3o especial e encontre ideias para demonstrar gratid\u00e3o aos seus amigos. Saiba como fortalecer os la\u00e7os, criar mem\u00f3rias e desfrutar de momentos de conviv\u00eancia. Descubra o poder da amizade e celebre o Dia do Amigo com carinho e uni\u00e3o","robots":{"index":"index","follow":"follow","max-snippet":"max-snippet:-1","max-image-preview":"max-image-preview:large","max-video-preview":"max-video-preview:-1"},"canonical":"https:\/\/scarlettseixas.com.br\/blog\/dia-do-amigo-celebre-a-importancia-da-amizade\/","og_locale":"pt_BR","og_type":"article","og_title":"Dia do Amigo: Celebre a Import\u00e2ncia da Amizade - Scarlett Seixas - Jornada de descobertas: Not\u00edcias e Lifestyle","og_description":"Celebre a import\u00e2ncia da amizade no Dia do Amigo! Descubra a origem dessa comemora\u00e7\u00e3o especial e encontre ideias para demonstrar gratid\u00e3o aos seus amigos. Saiba como fortalecer os la\u00e7os, criar mem\u00f3rias e desfrutar de momentos de conviv\u00eancia. Descubra o poder da amizade e celebre o Dia do Amigo com carinho e uni\u00e3o","og_url":"https:\/\/scarlettseixas.com.br\/blog\/dia-do-amigo-celebre-a-importancia-da-amizade\/","og_site_name":"Scarlett Seixas - Jornada de descobertas: Not\u00edcias e Lifestyle","article_published_time":"2023-07-17T19:28:40+00:00","og_image":[{"width":1200,"height":800,"url":"https:\/\/scarlettseixas.com.br\/blog\/wp-content\/uploads\/2023\/07\/dia-do-amigo.jpg","type":"image\/jpeg"}],"author":"scarlettseixas","twitter_card":"summary_large_image","twitter_creator":"@scarlett_seixas","twitter_misc":{"Escrito por":"scarlettseixas","Est. tempo de leitura":"3 minutos"},"schema":{"@context":"https:\/\/schema.org","@graph":[{"@type":"WebPage","@id":"https:\/\/scarlettseixas.com.br\/blog\/dia-do-amigo-celebre-a-importancia-da-amizade\/","url":"https:\/\/scarlettseixas.com.br\/blog\/dia-do-amigo-celebre-a-importancia-da-amizade\/","name":"Dia do Amigo: Celebre a Import\u00e2ncia da Amizade - Scarlett Seixas - Jornada de descobertas: Not\u00edcias e Lifestyle","isPartOf":{"@id":"https:\/\/scarlettseixas.com.br\/blog\/#website"},"datePublished":"2023-07-17T19:28:40+00:00","dateModified":"2023-07-17T19:28:40+00:00","author":{"@id":"https:\/\/scarlettseixas.com.br\/blog\/#\/schema\/person\/5f8c43fdeab0eb806c3c55d091ee93f6"},"description":"Celebre a import\u00e2ncia da amizade no Dia do Amigo! Descubra a origem dessa comemora\u00e7\u00e3o especial e encontre ideias para demonstrar gratid\u00e3o aos seus amigos. Saiba como fortalecer os la\u00e7os, criar mem\u00f3rias e desfrutar de momentos de conviv\u00eancia. Descubra o poder da amizade e celebre o Dia do Amigo com carinho e uni\u00e3o","breadcrumb":{"@id":"https:\/\/scarlettseixas.com.br\/blog\/dia-do-amigo-celebre-a-importancia-da-amizade\/#breadcrumb"},"inLanguage":"pt-BR","potentialAction":[{"@type":"ReadAction","target":["https:\/\/scarlettseixas.com.br\/blog\/dia-do-amigo-celebre-a-importancia-da-amizade\/"]}]},{"@type":"BreadcrumbList","@id":"https:\/\/scarlettseixas.com.br\/blog\/dia-do-amigo-celebre-a-importancia-da-amizade\/#breadcrumb","itemListElement":[{"@type":"ListItem","position":1,"name":"In\u00edcio","item":"https:\/\/scarlettseixas.com.br\/blog\/"},{"@type":"ListItem","position":2,"name":"Dia do Amigo: Celebre a Import\u00e2ncia da Amizade"}]},{"@type":"WebSite","@id":"https:\/\/scarlettseixas.com.br\/blog\/#website","url":"https:\/\/scarlettseixas.com.br\/blog\/","name":"Scarlett Seixas - Jornada de descobertas: Not\u00edcias e Lifestyle","description":"Scarlett Seixas, um blog que o(a) convida a embarcar em uma empolgante jornada de descobertas e explorar um estilo de vida vibrante.","potentialAction":[{"@type":"SearchAction","target":{"@type":"EntryPoint","urlTemplate":"https:\/\/scarlettseixas.com.br\/blog\/?s={search_term_string}"},"query-input":"required name=search_term_string"}],"inLanguage":"pt-BR"},{"@type":"Person","@id":"https:\/\/scarlettseixas.com.br\/blog\/#\/schema\/person\/5f8c43fdeab0eb806c3c55d091ee93f6","name":"scarlettseixas","image":{"@type":"ImageObject","inLanguage":"pt-BR","@id":"https:\/\/scarlettseixas.com.br\/blog\/#\/schema\/person\/image\/","url":"https:\/\/secure.gravatar.com\/avatar\/9d6579ba13eb21424d4b7818f3a9137f01a3e7a01487833b5e8be9ef900fdef2?s=96&d=mm&r=g","contentUrl":"https:\/\/secure.gravatar.com\/avatar\/9d6579ba13eb21424d4b7818f3a9137f01a3e7a01487833b5e8be9ef900fdef2?s=96&d=mm&r=g","caption":"scarlettseixas"},"description":"Scarlett Seixas \u00e9 uma criadora de conte\u00fados, ga\u00facha e atualmente mora em Porto Alegre\/RS. Gosta de moda, maquiagem, futebol, cerveja artesanal e tudo que possa harmonizar com o seu estilo de vida. No Instagram possui mais de 48 mil seguidores. Compartilha viagens, r\u00f3tulos de cerveja, maquiagens, looks, dicas de fa\u00e7a voc\u00ea mesmo e tudo sobre o meu dia-a-dia. O conte\u00fado \u00e9 amplo, por\u00e9m focado no est\u00edmulo de assuntos e a\u00e7\u00f5es. Mostra a vida de forma transparente e real com inten\u00e7\u00e3o de gerar autenticidade e conex\u00f5es verdadeiras com a comunidade.","sameAs":["http:\/\/scarlettseixas.com.br\/","https:\/\/twitter.com\/scarlett_seixas"],"url":"https:\/\/scarlettseixas.com.br\/blog\/author\/scarlettseixas\/"}]}},"featured_image_urls":{"full":["https:\/\/scarlettseixas.com.br\/blog\/wp-content\/uploads\/2023\/07\/dia-do-amigo.jpg",1200,800,false],"thumbnail":["https:\/\/scarlettseixas.com.br\/blog\/wp-content\/uploads\/2023\/07\/dia-do-amigo-150x150.webp",150,150,true],"medium":["https:\/\/scarlettseixas.com.br\/blog\/wp-content\/uploads\/2023\/07\/dia-do-amigo-300x200.webp",300,200,true],"medium_large":["https:\/\/scarlettseixas.com.br\/blog\/wp-content\/uploads\/2023\/07\/dia-do-amigo.jpg",640,427,false],"large":["https:\/\/scarlettseixas.com.br\/blog\/wp-content\/uploads\/2023\/07\/dia-do-amigo-1024x683.webp",640,427,true],"1536x1536":["https:\/\/scarlettseixas.com.br\/blog\/wp-content\/uploads\/2023\/07\/dia-do-amigo.jpg",1200,800,false],"2048x2048":["https:\/\/scarlettseixas.com.br\/blog\/wp-content\/uploads\/2023\/07\/dia-do-amigo.jpg",1200,800,false],"covernews-slider-full":["https:\/\/scarlettseixas.com.br\/blog\/wp-content\/uploads\/2023\/07\/dia-do-amigo-1115x715.webp",1115,715,true],"covernews-slider-center":["https:\/\/scarlettseixas.com.br\/blog\/wp-content\/uploads\/2023\/07\/dia-do-amigo-800x500.webp",800,500,true],"covernews-featured":["https:\/\/scarlettseixas.com.br\/blog\/wp-content\/uploads\/2023\/07\/dia-do-amigo-1024x683.webp",1024,683,true],"covernews-medium":["https:\/\/scarlettseixas.com.br\/blog\/wp-content\/uploads\/2023\/07\/dia-do-amigo-540x340.webp",540,340,true],"covernews-medium-square":["https:\/\/scarlettseixas.com.br\/blog\/wp-content\/uploads\/2023\/07\/dia-do-amigo-400x250.webp",400,250,true]},"author_info":{"display_name":"scarlettseixas","author_link":"https:\/\/scarlettseixas.com.br\/blog\/author\/scarlettseixas\/"},"category_info":"<a href=\"https:\/\/scarlettseixas.com.br\/blog\/category\/geral\/\" rel=\"category tag\">Geral<\/a> <a href=\"https:\/\/scarlettseixas.com.br\/blog\/category\/outros-destaques\/\" rel=\"category tag\">Outros Destaques<\/a>","tag_info":"Outros Destaques","comment_count":"0","_links":{"self":[{"href":"https:\/\/scarlettseixas.com.br\/blog\/wp-json\/wp\/v2\/posts\/1255","targetHints":{"allow":["GET"]}}],"collection":[{"href":"https:\/\/scarlettseixas.com.br\/blog\/wp-json\/wp\/v2\/posts"}],"about":[{"href":"https:\/\/scarlettseixas.com.br\/blog\/wp-json\/wp\/v2\/types\/post"}],"author":[{"embeddable":true,"href":"https:\/\/scarlettseixas.com.br\/blog\/wp-json\/wp\/v2\/users\/1"}],"replies":[{"embeddable":true,"href":"https:\/\/scarlettseixas.com.br\/blog\/wp-json\/wp\/v2\/comments?post=1255"}],"version-history":[{"count":1,"href":"https:\/\/scarlettseixas.com.br\/blog\/wp-json\/wp\/v2\/posts\/1255\/revisions"}],"predecessor-version":[{"id":1258,"href":"https:\/\/scarlettseixas.com.br\/blog\/wp-json\/wp\/v2\/posts\/1255\/revisions\/1258"}],"wp:featuredmedia":[{"embeddable":true,"href":"https:\/\/scarlettseixas.com.br\/blog\/wp-json\/wp\/v2\/media\/1257"}],"wp:attachment":[{"href":"https:\/\/scarlettseixas.com.br\/blog\/wp-json\/wp\/v2\/media?parent=1255"}],"wp:term":[{"taxonomy":"category","embeddable":true,"href":"https:\/\/scarlettseixas.com.br\/blog\/wp-json\/wp\/v2\/categories?post=1255"},{"taxonomy":"post_tag","embeddable":true,"href":"https:\/\/scarlettseixas.com.br\/blog\/wp-json\/wp\/v2\/tags?post=1255"}],"curies":[{"name":"wp","href":"https:\/\/api.w.org\/{rel}","templated":true}]}}