{"id":1241,"date":"2023-07-17T15:27:42","date_gmt":"2023-07-17T18:27:42","guid":{"rendered":"https:\/\/scarlettseixas.com.br\/blog\/?p=1241"},"modified":"2023-07-17T16:00:22","modified_gmt":"2023-07-17T19:00:22","slug":"selina-e-corona-se-unem-para-inspirar-viajantes-a-se-reconectarem-com-a-natureza","status":"publish","type":"post","link":"https:\/\/scarlettseixas.com.br\/blog\/selina-e-corona-se-unem-para-inspirar-viajantes-a-se-reconectarem-com-a-natureza\/","title":{"rendered":"Selina e Corona se Unem para Inspirar Viajantes a se Reconectarem com a Natureza"},"content":{"rendered":"<p>Selina, uma empresa em crescimento constante no setor de hospedagem e <a href=\"https:\/\/scarlettseixas.com.br\/blog\/barbiecore-o-que-e-e-como-aderir-ao-estilo-que-enaltece-o-rosa-choque-da-barbie\/\">estilo<\/a> de vida, anunciou uma <a href=\"https:\/\/scarlettseixas.com.br\/blog\/go-coffee-lanca-frappe-barbie-sabor-tutti-frutti-com-muito-glitter-em-parceria-com-warner-bros-e-mattel\/\">parceria<\/a> global com a marca de <a href=\"https:\/\/scarlettseixas.com.br\/blog\/celebrando-o-sabor-e-a-historia-da-india-pale-ale-no-dia-internacional-da-ipa\/\">cerveja<\/a> Corona, com o objetivo de criar experi\u00eancias de viagem \u00fanicas e ajudar os h\u00f3spedes adultos a se desconectarem e se reconectarem com a natureza. A colabora\u00e7\u00e3o, que ser\u00e1 lan\u00e7ada ainda este ano nas propriedades Selina ao redor do mundo, visa promover a sustentabilidade por meio de ativa\u00e7\u00f5es, educa\u00e7\u00e3o, <a href=\"https:\/\/scarlettseixas.com.br\/blog\/heartstopper-um-fenomeno-sobre-amadurecimento-que-conquista-a-audiencia\/\">m\u00fasica<\/a>, arte e eventos.<\/p>\n<p>&#8220;A parceria com a cerveja Corona nos deixa entusiasmados em proporcionar experi\u00eancias de viagem ainda mais memor\u00e1veis aos nossos h\u00f3spedes&#8221;, disse Ariel Levinsohn, vice-presidente de marca e cria\u00e7\u00e3o do Selina. &#8220;A reputa\u00e7\u00e3o global de <a href=\"https:\/\/scarlettseixas.com.br\/blog\/cafe-tradicional-superior-e-gourmet-entenda-as-diferencas-e-desperte-seus-sentidos\/\">qualidade<\/a> e <a href=\"https:\/\/scarlettseixas.com.br\/blog\/celebrando-a-beleza-interior-meu-caminho-para-o-amor-proprio-e-a-body-positivity\/\">autenticidade<\/a> da Corona torna essa colabora\u00e7\u00e3o incr\u00edvel, e mal podemos esperar para ver o que podemos alcan\u00e7ar juntos&#8221;.<\/p>\n<p>A parceria ser\u00e1 ativada globalmente e, inicialmente, focar\u00e1 na <a href=\"https:\/\/scarlettseixas.com.br\/blog\/lingerie-day-empoderamento-e-respeito-ao-corpo-feminino\/\">conscientiza\u00e7\u00e3o<\/a> e promo\u00e7\u00e3o de pr\u00e1ticas sustent\u00e1veis nos hot\u00e9is. Na segunda fase da colabora\u00e7\u00e3o, est\u00e3o previstos uma <a href=\"https:\/\/scarlettseixas.com.br\/blog\/round-6-e-tira-da-pesada-4-as-5-maiores-atracoes-da-netflix-para-2024\/\">s\u00e9rie<\/a> de eventos e ativa\u00e7\u00f5es de marca, incluindo festas na praia, m\u00fasica e eventos culturais realizados no Selina. Os h\u00f3spedes ter\u00e3o acesso a experi\u00eancias exclusivas e descontos em produtos Corona, enquanto os apreciadores da cerveja ter\u00e3o a oportunidade de explorar as acomoda\u00e7\u00f5es e espa\u00e7os comunit\u00e1rios exclusivos da rede de hospedagem em todo o mundo.<\/p>\n<p>&#8220;Nosso principal objetivo com essa parceria \u00e9 levar nossa marca global, Corona, para mais pessoas ao redor do mundo&#8221;, comenta Thiago Zanettini, vice-presidente global de marketing comercial da AB InBev. &#8220;Viajar faz parte do DNA da Corona, e, ao trazer experi\u00eancias e ativa\u00e7\u00f5es \u00fanicas para os hot\u00e9is Selina, ajudaremos mais pessoas a desfrutarem do ar livre e a se reconectarem com a natureza&#8221;.<\/p>\n<p>No <a href=\"https:\/\/scarlettseixas.com.br\/blog\/dia-nacional-do-futebol-no-brasil-uma-paixao-que-encanta-geracoes\/\">Brasil<\/a>, as a\u00e7\u00f5es acontecer\u00e3o nas nove unidades do Selina, localizadas na Lapa e Copacabana, no <a href=\"https:\/\/scarlettseixas.com.br\/blog\/beats-senses-473ml-a-nova-sensacao-nas-festas-do-rio-de-janeiro-e-minas-gerais\/\">Rio de Janeiro<\/a>, Paraty e B\u00fazios, no mesmo estado, Aurora e Vila Madalena, em S\u00e3o Paulo, Foz do Igua\u00e7u, no Paran\u00e1, Florian\u00f3polis, em Santa Catarina, e Bonito, no Mato Grosso do Sul. &#8220;Estamos muito empolgados em trazer uma parceria global desse porte com uma marca que tem sinergia total com o Selina. A <a href=\"https:\/\/scarlettseixas.com.br\/blog\/descubra-como-cochilos-curtos-podem-transformar-sua-vida-com-energia-explosiva-segundo-um-especialista-em-sono\/\">energia<\/a> solar da Corona combina perfeitamente com nossos h\u00f3spedes e com as nossas instala\u00e7\u00f5es, que sempre transmitem aconchego e anima\u00e7\u00e3o. Certamente, essa <a href=\"https:\/\/scarlettseixas.com.br\/blog\/dia-do-amigo-celebre-a-importancia-da-amizade\/\">uni\u00e3o<\/a> trar\u00e1 \u00f3timos resultados&#8221;, completa M\u00f4nica Ordo\u00f1ez, diretora comercial da Selina na <a href=\"https:\/\/scarlettseixas.com.br\/blog\/mercado-livre-e-o-novo-patrocinador-oficial-da-conmebol\/\">Am\u00e9rica Latina<\/a>.<\/p>\n<p>Mais informa\u00e7\u00f5es no <a href=\"https:\/\/scarlettseixas.com.br\/blog\/cresce-popularidade-de-barbie-e-ken-em-site-de-nomes-de-bebes\/\">site<\/a> da <a href=\"https:\/\/www.selina.com\/pt\/\" target=\"_blank\" rel=\"noopener\">Selina<\/a><\/p>\n<p>Foto: Divulga\u00e7\u00e3o.<\/p>\n","protected":false},"excerpt":{"rendered":"<p>Selina, uma empresa em crescimento constante no setor de hospedagem e estilo de vida, anunciou&#8230;<\/p>\n","protected":false},"author":1,"featured_media":1242,"comment_status":"open","ping_status":"open","sticky":false,"template":"","format":"standard","meta":{"footnotes":""},"categories":[83,1,84],"tags":[187,184,196,179,182,194,185,190,188,181,193,195,192,189,186,180,191,178,183,197],"class_list":["post-1241","post","type-post","status-publish","format-standard","has-post-thumbnail","hentry","category-cerveja","category-geral","category-outros-destaques","tag-arte","tag-ativacoes","tag-brasil","tag-corona","tag-desconectar-e-reconectar-com-a-natureza","tag-descontos-em-produtos-corona","tag-educacao","tag-estilo-de-vida","tag-eventos","tag-experiencias-de-viagem","tag-experiencias-exclusivas","tag-explorar-acomodacoes-e-espacos-comunitarios","tag-festas-na-praia","tag-hospedagem","tag-musica","tag-parceria-global","tag-promocao-de-praticas-sustentaveis","tag-selina","tag-sustentabilidade","tag-unidades-do-selina"],"yoast_head":"<!-- This site is optimized with the Yoast SEO plugin v21.9.1 - https:\/\/yoast.com\/wordpress\/plugins\/seo\/ -->\n<title>Selina e Corona se Unem para Inspirar Viajantes a se Reconectarem com a Natureza - Scarlett Seixas - Jornada de descobertas: Not\u00edcias e Lifestyle<\/title>\n<meta name=\"description\" content=\"Descubra a emocionante parceria global entre Selina e Corona, que visa inspirar viajantes a se reconectarem com a natureza. Desfrute de experi\u00eancias de viagem \u00fanicas, ativa\u00e7\u00f5es sustent\u00e1veis, m\u00fasica, arte e eventos exclusivos. Explore as acomoda\u00e7\u00f5es e espa\u00e7os comunit\u00e1rios do Selina enquanto desfruta de descontos especiais nos produtos Corona. Prepare-se para desconectar e reconectar em meio \u00e0 natureza com essa colabora\u00e7\u00e3o imperd\u00edvel\" \/>\n<meta name=\"robots\" content=\"index, follow, max-snippet:-1, max-image-preview:large, max-video-preview:-1\" \/>\n<link rel=\"canonical\" href=\"https:\/\/scarlettseixas.com.br\/blog\/selina-e-corona-se-unem-para-inspirar-viajantes-a-se-reconectarem-com-a-natureza\/\" \/>\n<meta property=\"og:locale\" content=\"pt_BR\" \/>\n<meta property=\"og:type\" content=\"article\" \/>\n<meta property=\"og:title\" content=\"Selina e Corona se Unem para Inspirar Viajantes a se Reconectarem com a Natureza - Scarlett Seixas - Jornada de descobertas: Not\u00edcias e Lifestyle\" \/>\n<meta property=\"og:description\" content=\"Descubra a emocionante parceria global entre Selina e Corona, que visa inspirar viajantes a se reconectarem com a natureza. Desfrute de experi\u00eancias de viagem \u00fanicas, ativa\u00e7\u00f5es sustent\u00e1veis, m\u00fasica, arte e eventos exclusivos. Explore as acomoda\u00e7\u00f5es e espa\u00e7os comunit\u00e1rios do Selina enquanto desfruta de descontos especiais nos produtos Corona. Prepare-se para desconectar e reconectar em meio \u00e0 natureza com essa colabora\u00e7\u00e3o imperd\u00edvel\" \/>\n<meta property=\"og:url\" content=\"https:\/\/scarlettseixas.com.br\/blog\/selina-e-corona-se-unem-para-inspirar-viajantes-a-se-reconectarem-com-a-natureza\/\" \/>\n<meta property=\"og:site_name\" content=\"Scarlett Seixas - Jornada de descobertas: Not\u00edcias e Lifestyle\" \/>\n<meta property=\"article:published_time\" content=\"2023-07-17T18:27:42+00:00\" \/>\n<meta property=\"article:modified_time\" content=\"2023-07-17T19:00:22+00:00\" \/>\n<meta property=\"og:image\" content=\"https:\/\/scarlettseixas.com.br\/blog\/wp-content\/uploads\/2023\/07\/corona-selina.jpg\" \/>\n\t<meta property=\"og:image:width\" content=\"1200\" \/>\n\t<meta property=\"og:image:height\" content=\"800\" \/>\n\t<meta property=\"og:image:type\" content=\"image\/jpeg\" \/>\n<meta name=\"author\" content=\"scarlettseixas\" \/>\n<meta name=\"twitter:card\" content=\"summary_large_image\" \/>\n<meta name=\"twitter:creator\" content=\"@scarlett_seixas\" \/>\n<meta name=\"twitter:label1\" content=\"Escrito por\" \/>\n\t<meta name=\"twitter:data1\" content=\"scarlettseixas\" \/>\n\t<meta name=\"twitter:label2\" content=\"Est. tempo de leitura\" \/>\n\t<meta name=\"twitter:data2\" content=\"3 minutos\" \/>\n<script type=\"application\/ld+json\" class=\"yoast-schema-graph\">{\"@context\":\"https:\/\/schema.org\",\"@graph\":[{\"@type\":\"WebPage\",\"@id\":\"https:\/\/scarlettseixas.com.br\/blog\/selina-e-corona-se-unem-para-inspirar-viajantes-a-se-reconectarem-com-a-natureza\/\",\"url\":\"https:\/\/scarlettseixas.com.br\/blog\/selina-e-corona-se-unem-para-inspirar-viajantes-a-se-reconectarem-com-a-natureza\/\",\"name\":\"Selina e Corona se Unem para Inspirar Viajantes a se Reconectarem com a Natureza - Scarlett Seixas - Jornada de descobertas: Not\u00edcias e Lifestyle\",\"isPartOf\":{\"@id\":\"https:\/\/scarlettseixas.com.br\/blog\/#website\"},\"datePublished\":\"2023-07-17T18:27:42+00:00\",\"dateModified\":\"2023-07-17T19:00:22+00:00\",\"author\":{\"@id\":\"https:\/\/scarlettseixas.com.br\/blog\/#\/schema\/person\/5f8c43fdeab0eb806c3c55d091ee93f6\"},\"description\":\"Descubra a emocionante parceria global entre Selina e Corona, que visa inspirar viajantes a se reconectarem com a natureza. Desfrute de experi\u00eancias de viagem \u00fanicas, ativa\u00e7\u00f5es sustent\u00e1veis, m\u00fasica, arte e eventos exclusivos. Explore as acomoda\u00e7\u00f5es e espa\u00e7os comunit\u00e1rios do Selina enquanto desfruta de descontos especiais nos produtos Corona. Prepare-se para desconectar e reconectar em meio \u00e0 natureza com essa colabora\u00e7\u00e3o imperd\u00edvel\",\"breadcrumb\":{\"@id\":\"https:\/\/scarlettseixas.com.br\/blog\/selina-e-corona-se-unem-para-inspirar-viajantes-a-se-reconectarem-com-a-natureza\/#breadcrumb\"},\"inLanguage\":\"pt-BR\",\"potentialAction\":[{\"@type\":\"ReadAction\",\"target\":[\"https:\/\/scarlettseixas.com.br\/blog\/selina-e-corona-se-unem-para-inspirar-viajantes-a-se-reconectarem-com-a-natureza\/\"]}]},{\"@type\":\"BreadcrumbList\",\"@id\":\"https:\/\/scarlettseixas.com.br\/blog\/selina-e-corona-se-unem-para-inspirar-viajantes-a-se-reconectarem-com-a-natureza\/#breadcrumb\",\"itemListElement\":[{\"@type\":\"ListItem\",\"position\":1,\"name\":\"In\u00edcio\",\"item\":\"https:\/\/scarlettseixas.com.br\/blog\/\"},{\"@type\":\"ListItem\",\"position\":2,\"name\":\"Selina e Corona se Unem para Inspirar Viajantes a se Reconectarem com a Natureza\"}]},{\"@type\":\"WebSite\",\"@id\":\"https:\/\/scarlettseixas.com.br\/blog\/#website\",\"url\":\"https:\/\/scarlettseixas.com.br\/blog\/\",\"name\":\"Scarlett Seixas - Jornada de descobertas: Not\u00edcias e Lifestyle\",\"description\":\"Scarlett Seixas, um blog que o(a) convida a embarcar em uma empolgante jornada de descobertas e explorar um estilo de vida vibrante.\",\"potentialAction\":[{\"@type\":\"SearchAction\",\"target\":{\"@type\":\"EntryPoint\",\"urlTemplate\":\"https:\/\/scarlettseixas.com.br\/blog\/?s={search_term_string}\"},\"query-input\":\"required name=search_term_string\"}],\"inLanguage\":\"pt-BR\"},{\"@type\":\"Person\",\"@id\":\"https:\/\/scarlettseixas.com.br\/blog\/#\/schema\/person\/5f8c43fdeab0eb806c3c55d091ee93f6\",\"name\":\"scarlettseixas\",\"image\":{\"@type\":\"ImageObject\",\"inLanguage\":\"pt-BR\",\"@id\":\"https:\/\/scarlettseixas.com.br\/blog\/#\/schema\/person\/image\/\",\"url\":\"https:\/\/secure.gravatar.com\/avatar\/9d6579ba13eb21424d4b7818f3a9137f01a3e7a01487833b5e8be9ef900fdef2?s=96&d=mm&r=g\",\"contentUrl\":\"https:\/\/secure.gravatar.com\/avatar\/9d6579ba13eb21424d4b7818f3a9137f01a3e7a01487833b5e8be9ef900fdef2?s=96&d=mm&r=g\",\"caption\":\"scarlettseixas\"},\"description\":\"Scarlett Seixas \u00e9 uma criadora de conte\u00fados, ga\u00facha e atualmente mora em Porto Alegre\/RS. Gosta de moda, maquiagem, futebol, cerveja artesanal e tudo que possa harmonizar com o seu estilo de vida. No Instagram possui mais de 48 mil seguidores. Compartilha viagens, r\u00f3tulos de cerveja, maquiagens, looks, dicas de fa\u00e7a voc\u00ea mesmo e tudo sobre o meu dia-a-dia. O conte\u00fado \u00e9 amplo, por\u00e9m focado no est\u00edmulo de assuntos e a\u00e7\u00f5es. Mostra a vida de forma transparente e real com inten\u00e7\u00e3o de gerar autenticidade e conex\u00f5es verdadeiras com a comunidade.\",\"sameAs\":[\"http:\/\/scarlettseixas.com.br\/\",\"https:\/\/twitter.com\/scarlett_seixas\"],\"url\":\"https:\/\/scarlettseixas.com.br\/blog\/author\/scarlettseixas\/\"}]}<\/script>\n<!-- \/ Yoast SEO plugin. -->","yoast_head_json":{"title":"Selina e Corona se Unem para Inspirar Viajantes a se Reconectarem com a Natureza - Scarlett Seixas - Jornada de descobertas: Not\u00edcias e Lifestyle","description":"Descubra a emocionante parceria global entre Selina e Corona, que visa inspirar viajantes a se reconectarem com a natureza. Desfrute de experi\u00eancias de viagem \u00fanicas, ativa\u00e7\u00f5es sustent\u00e1veis, m\u00fasica, arte e eventos exclusivos. Explore as acomoda\u00e7\u00f5es e espa\u00e7os comunit\u00e1rios do Selina enquanto desfruta de descontos especiais nos produtos Corona. Prepare-se para desconectar e reconectar em meio \u00e0 natureza com essa colabora\u00e7\u00e3o imperd\u00edvel","robots":{"index":"index","follow":"follow","max-snippet":"max-snippet:-1","max-image-preview":"max-image-preview:large","max-video-preview":"max-video-preview:-1"},"canonical":"https:\/\/scarlettseixas.com.br\/blog\/selina-e-corona-se-unem-para-inspirar-viajantes-a-se-reconectarem-com-a-natureza\/","og_locale":"pt_BR","og_type":"article","og_title":"Selina e Corona se Unem para Inspirar Viajantes a se Reconectarem com a Natureza - Scarlett Seixas - Jornada de descobertas: Not\u00edcias e Lifestyle","og_description":"Descubra a emocionante parceria global entre Selina e Corona, que visa inspirar viajantes a se reconectarem com a natureza. Desfrute de experi\u00eancias de viagem \u00fanicas, ativa\u00e7\u00f5es sustent\u00e1veis, m\u00fasica, arte e eventos exclusivos. Explore as acomoda\u00e7\u00f5es e espa\u00e7os comunit\u00e1rios do Selina enquanto desfruta de descontos especiais nos produtos Corona. Prepare-se para desconectar e reconectar em meio \u00e0 natureza com essa colabora\u00e7\u00e3o imperd\u00edvel","og_url":"https:\/\/scarlettseixas.com.br\/blog\/selina-e-corona-se-unem-para-inspirar-viajantes-a-se-reconectarem-com-a-natureza\/","og_site_name":"Scarlett Seixas - Jornada de descobertas: Not\u00edcias e Lifestyle","article_published_time":"2023-07-17T18:27:42+00:00","article_modified_time":"2023-07-17T19:00:22+00:00","og_image":[{"width":1200,"height":800,"url":"https:\/\/scarlettseixas.com.br\/blog\/wp-content\/uploads\/2023\/07\/corona-selina.jpg","type":"image\/jpeg"}],"author":"scarlettseixas","twitter_card":"summary_large_image","twitter_creator":"@scarlett_seixas","twitter_misc":{"Escrito por":"scarlettseixas","Est. tempo de leitura":"3 minutos"},"schema":{"@context":"https:\/\/schema.org","@graph":[{"@type":"WebPage","@id":"https:\/\/scarlettseixas.com.br\/blog\/selina-e-corona-se-unem-para-inspirar-viajantes-a-se-reconectarem-com-a-natureza\/","url":"https:\/\/scarlettseixas.com.br\/blog\/selina-e-corona-se-unem-para-inspirar-viajantes-a-se-reconectarem-com-a-natureza\/","name":"Selina e Corona se Unem para Inspirar Viajantes a se Reconectarem com a Natureza - Scarlett Seixas - Jornada de descobertas: Not\u00edcias e Lifestyle","isPartOf":{"@id":"https:\/\/scarlettseixas.com.br\/blog\/#website"},"datePublished":"2023-07-17T18:27:42+00:00","dateModified":"2023-07-17T19:00:22+00:00","author":{"@id":"https:\/\/scarlettseixas.com.br\/blog\/#\/schema\/person\/5f8c43fdeab0eb806c3c55d091ee93f6"},"description":"Descubra a emocionante parceria global entre Selina e Corona, que visa inspirar viajantes a se reconectarem com a natureza. Desfrute de experi\u00eancias de viagem \u00fanicas, ativa\u00e7\u00f5es sustent\u00e1veis, m\u00fasica, arte e eventos exclusivos. Explore as acomoda\u00e7\u00f5es e espa\u00e7os comunit\u00e1rios do Selina enquanto desfruta de descontos especiais nos produtos Corona. Prepare-se para desconectar e reconectar em meio \u00e0 natureza com essa colabora\u00e7\u00e3o imperd\u00edvel","breadcrumb":{"@id":"https:\/\/scarlettseixas.com.br\/blog\/selina-e-corona-se-unem-para-inspirar-viajantes-a-se-reconectarem-com-a-natureza\/#breadcrumb"},"inLanguage":"pt-BR","potentialAction":[{"@type":"ReadAction","target":["https:\/\/scarlettseixas.com.br\/blog\/selina-e-corona-se-unem-para-inspirar-viajantes-a-se-reconectarem-com-a-natureza\/"]}]},{"@type":"BreadcrumbList","@id":"https:\/\/scarlettseixas.com.br\/blog\/selina-e-corona-se-unem-para-inspirar-viajantes-a-se-reconectarem-com-a-natureza\/#breadcrumb","itemListElement":[{"@type":"ListItem","position":1,"name":"In\u00edcio","item":"https:\/\/scarlettseixas.com.br\/blog\/"},{"@type":"ListItem","position":2,"name":"Selina e Corona se Unem para Inspirar Viajantes a se Reconectarem com a Natureza"}]},{"@type":"WebSite","@id":"https:\/\/scarlettseixas.com.br\/blog\/#website","url":"https:\/\/scarlettseixas.com.br\/blog\/","name":"Scarlett Seixas - Jornada de descobertas: Not\u00edcias e Lifestyle","description":"Scarlett Seixas, um blog que o(a) convida a embarcar em uma empolgante jornada de descobertas e explorar um estilo de vida vibrante.","potentialAction":[{"@type":"SearchAction","target":{"@type":"EntryPoint","urlTemplate":"https:\/\/scarlettseixas.com.br\/blog\/?s={search_term_string}"},"query-input":"required name=search_term_string"}],"inLanguage":"pt-BR"},{"@type":"Person","@id":"https:\/\/scarlettseixas.com.br\/blog\/#\/schema\/person\/5f8c43fdeab0eb806c3c55d091ee93f6","name":"scarlettseixas","image":{"@type":"ImageObject","inLanguage":"pt-BR","@id":"https:\/\/scarlettseixas.com.br\/blog\/#\/schema\/person\/image\/","url":"https:\/\/secure.gravatar.com\/avatar\/9d6579ba13eb21424d4b7818f3a9137f01a3e7a01487833b5e8be9ef900fdef2?s=96&d=mm&r=g","contentUrl":"https:\/\/secure.gravatar.com\/avatar\/9d6579ba13eb21424d4b7818f3a9137f01a3e7a01487833b5e8be9ef900fdef2?s=96&d=mm&r=g","caption":"scarlettseixas"},"description":"Scarlett Seixas \u00e9 uma criadora de conte\u00fados, ga\u00facha e atualmente mora em Porto Alegre\/RS. Gosta de moda, maquiagem, futebol, cerveja artesanal e tudo que possa harmonizar com o seu estilo de vida. No Instagram possui mais de 48 mil seguidores. Compartilha viagens, r\u00f3tulos de cerveja, maquiagens, looks, dicas de fa\u00e7a voc\u00ea mesmo e tudo sobre o meu dia-a-dia. O conte\u00fado \u00e9 amplo, por\u00e9m focado no est\u00edmulo de assuntos e a\u00e7\u00f5es. Mostra a vida de forma transparente e real com inten\u00e7\u00e3o de gerar autenticidade e conex\u00f5es verdadeiras com a comunidade.","sameAs":["http:\/\/scarlettseixas.com.br\/","https:\/\/twitter.com\/scarlett_seixas"],"url":"https:\/\/scarlettseixas.com.br\/blog\/author\/scarlettseixas\/"}]}},"featured_image_urls":{"full":["https:\/\/scarlettseixas.com.br\/blog\/wp-content\/uploads\/2023\/07\/corona-selina.jpg",1200,800,false],"thumbnail":["https:\/\/scarlettseixas.com.br\/blog\/wp-content\/uploads\/2023\/07\/corona-selina-150x150.webp",150,150,true],"medium":["https:\/\/scarlettseixas.com.br\/blog\/wp-content\/uploads\/2023\/07\/corona-selina-300x200.webp",300,200,true],"medium_large":["https:\/\/scarlettseixas.com.br\/blog\/wp-content\/uploads\/2023\/07\/corona-selina.jpg",640,427,false],"large":["https:\/\/scarlettseixas.com.br\/blog\/wp-content\/uploads\/2023\/07\/corona-selina-1024x683.webp",640,427,true],"1536x1536":["https:\/\/scarlettseixas.com.br\/blog\/wp-content\/uploads\/2023\/07\/corona-selina.jpg",1200,800,false],"2048x2048":["https:\/\/scarlettseixas.com.br\/blog\/wp-content\/uploads\/2023\/07\/corona-selina.jpg",1200,800,false],"covernews-slider-full":["https:\/\/scarlettseixas.com.br\/blog\/wp-content\/uploads\/2023\/07\/corona-selina-1115x715.webp",1115,715,true],"covernews-slider-center":["https:\/\/scarlettseixas.com.br\/blog\/wp-content\/uploads\/2023\/07\/corona-selina-800x500.webp",800,500,true],"covernews-featured":["https:\/\/scarlettseixas.com.br\/blog\/wp-content\/uploads\/2023\/07\/corona-selina-1024x683.webp",1024,683,true],"covernews-medium":["https:\/\/scarlettseixas.com.br\/blog\/wp-content\/uploads\/2023\/07\/corona-selina-540x340.webp",540,340,true],"covernews-medium-square":["https:\/\/scarlettseixas.com.br\/blog\/wp-content\/uploads\/2023\/07\/corona-selina-400x250.webp",400,250,true]},"author_info":{"display_name":"scarlettseixas","author_link":"https:\/\/scarlettseixas.com.br\/blog\/author\/scarlettseixas\/"},"category_info":"<a href=\"https:\/\/scarlettseixas.com.br\/blog\/category\/cerveja\/\" rel=\"category tag\">Cerveja<\/a> <a href=\"https:\/\/scarlettseixas.com.br\/blog\/category\/geral\/\" rel=\"category tag\">Geral<\/a> <a href=\"https:\/\/scarlettseixas.com.br\/blog\/category\/outros-destaques\/\" rel=\"category tag\">Outros Destaques<\/a>","tag_info":"Outros Destaques","comment_count":"0","_links":{"self":[{"href":"https:\/\/scarlettseixas.com.br\/blog\/wp-json\/wp\/v2\/posts\/1241","targetHints":{"allow":["GET"]}}],"collection":[{"href":"https:\/\/scarlettseixas.com.br\/blog\/wp-json\/wp\/v2\/posts"}],"about":[{"href":"https:\/\/scarlettseixas.com.br\/blog\/wp-json\/wp\/v2\/types\/post"}],"author":[{"embeddable":true,"href":"https:\/\/scarlettseixas.com.br\/blog\/wp-json\/wp\/v2\/users\/1"}],"replies":[{"embeddable":true,"href":"https:\/\/scarlettseixas.com.br\/blog\/wp-json\/wp\/v2\/comments?post=1241"}],"version-history":[{"count":2,"href":"https:\/\/scarlettseixas.com.br\/blog\/wp-json\/wp\/v2\/posts\/1241\/revisions"}],"predecessor-version":[{"id":1244,"href":"https:\/\/scarlettseixas.com.br\/blog\/wp-json\/wp\/v2\/posts\/1241\/revisions\/1244"}],"wp:featuredmedia":[{"embeddable":true,"href":"https:\/\/scarlettseixas.com.br\/blog\/wp-json\/wp\/v2\/media\/1242"}],"wp:attachment":[{"href":"https:\/\/scarlettseixas.com.br\/blog\/wp-json\/wp\/v2\/media?parent=1241"}],"wp:term":[{"taxonomy":"category","embeddable":true,"href":"https:\/\/scarlettseixas.com.br\/blog\/wp-json\/wp\/v2\/categories?post=1241"},{"taxonomy":"post_tag","embeddable":true,"href":"https:\/\/scarlettseixas.com.br\/blog\/wp-json\/wp\/v2\/tags?post=1241"}],"curies":[{"name":"wp","href":"https:\/\/api.w.org\/{rel}","templated":true}]}}